{"id":39892,"date":"2011-08-01T12:52:00","date_gmt":"2011-08-01T10:52:00","guid":{"rendered":"https:\/\/www.servicecitoyen.ch\/?p=39892"},"modified":"2021-06-06T00:03:55","modified_gmt":"2021-06-05T22:03:55","slug":"allocution-du-1er-aout-a-veyrier","status":"publish","type":"post","link":"https:\/\/milizengagement.ch\/de\/allocution-du-1er-aout-a-veyrier\/","title":{"rendered":"Allocution du 1er ao\u00fbt \u00e0 Veyrier"},"content":{"rendered":"\n<p>Mesdames,<br\/>Messieurs,<br\/>Chers amis veyrites,<\/p>\n\n<p>C\u2019est avec \u00e9motion que j\u2019ai l\u2019honneur d\u2019ouvrir la partie officielle de notre F\u00eate nationale. Soyez tous les bienvenus \u00e0 Veyrier pour comm\u00e9morer les valeurs de notre patrie.<\/p>\n\n<p>La Suisse est un havre de paix, un exemple de d\u00e9mocratie, un pays prosp\u00e8re o\u00f9 l\u2019on vit, ma foi, plut\u00f4t bien \u00e0 l\u2019heure de la crise \u00e9conomique. La Suisse est multiple, les sensibilit\u00e9s et les aspirations des citoyens sont diverses, mais les valeurs communes. La Conf\u00e9d\u00e9ration helv\u00e9tique s\u2019est b\u00e2tie sur le respect de la singularit\u00e9 des individus et des communaut\u00e9s, sur le respect de la libert\u00e9 de chacun ainsi que sur l\u2019esprit de solidarit\u00e9. Depuis 1848, lorsqu\u2019elle a hiss\u00e9 ces valeurs jusque dans le pr\u00e9ambule de sa constitution, elle incarne ce formidable projet de soci\u00e9t\u00e9 que nous c\u00e9l\u00e9brons ce soir.<\/p>\n\n<p>C\u2019est une chance d\u2019\u00eatre un jeune, en Suisse, en 2011. Haut niveau de vie, s\u00e9curit\u00e9, grande qualit\u00e9 de formation dans les hautes \u00e9coles et universit\u00e9s, bonnes perspectives d\u2019avenir, vastes acc\u00e8s \u00e0 la culture, garantie de larges droits civiques\u00a0; tout nous est donn\u00e9 pour favoriser notre libre \u00e9panouissement. Nous sommes conscients des acquis des g\u00e9n\u00e9rations pr\u00e9c\u00e9dentes et reconnaissants envers ceux qui, \u00e0 travers les \u00e9poques, nous ont permis d\u2019en b\u00e9n\u00e9ficier aujourd\u2019hui. Nous tenons aux valeurs qui ont permis ce succ\u00e8s et sommes fiers de les recevoir en h\u00e9ritage pour les porter \u00e0 notre tour.<\/p>\n\n<p>Le Pacte f\u00e9d\u00e9ral, le pr\u00e9ambule de notre constitution ainsi que notre devise \u00abun pour tous, tous pour un\u00bb rappellent un devoir de solidarit\u00e9. La solidarit\u00e9 est le ciment de la coh\u00e9sion sociale et nationale, condition sine qua non pour assurer le bon fonctionnement de notre pays. Pour la renforcer l\u2019engagement de chacun \u2013 et des jeunes en particulier \u2013 est une n\u00e9cessit\u00e9.<\/p>\n\n<p>S\u2019engager, c\u2019est le premier pas n\u00e9cessaire pour aimer. Les jeunes de ce pays aiment la Suisse, ils veulent aimer la Suisse; aussi les jeunes veulent s\u2019engager car sans engagement ils ne sauraient en t\u00e9moigner. Les jeunes veulent servir, se rendre utiles et \u0153uvrer pour le maintien d\u2019une soci\u00e9t\u00e9 juste, libre, solidaire. Le service \u00e0 la collectivit\u00e9 doit \u00eatre repens\u00e9 et revaloris\u00e9 car il est la concr\u00e9tisation dans les faits de notre id\u00e9al de solidarit\u00e9.<\/p>\n\n<p>La Suisse est une production commune, une \u00abopera aperta\u00bb pour reprendre le mot d\u2019Umberto Eco dont nous serions tous co-auteurs. Chacun a le devoir moral d\u2019y contribuer dans la mesure de ses moyens. Notre pays n\u2019a de sens qu\u2019avec la participation de chacun. Ainsi, ce n\u2019est pas seulement le 1er\u00a0ao\u00fbt que l\u2019on se doit d\u2019honorer la Suisse mais tout au long de l\u2019ann\u00e9e en nous engageant dans les faits.<\/p>\n\n<p>Je c\u00e8de maintenant la parole \u00e0 M. le Maire de Veyrier, Thomas Barth, et je souhaite \u00e0 chacune et \u00e0 chacun une belle c\u00e9r\u00e9monie.<\/p>\n\n<blockquote class=\"wp-block-quote is-layout-flow wp-block-quote-is-layout-flow\"><p><p>Ce discours a \u00e9t\u00e9 prononc\u00e9 \u00e0 l\u2019occasion du 1<sup>er<\/sup> ao\u00fbt 2011 dans la commune de Veyrier, Gen\u00e8ve. Le texte est paru dans <a href=\"https:\/\/alexandrejoehl.wordpress.com\/2011\/09\/05\/les-jeunes-liberaux-radicaux-au-conseil-national\/\">Carnet de notes<\/a>, le blog tdg d\u2019Alexandre J\u00f6hl<\/p><\/p><\/blockquote>\n","protected":false},"excerpt":{"rendered":"<p>Mesdames,Messieurs,Chers amis veyrites, C\u2019est avec \u00e9motion que j\u2019ai l\u2019honneur d\u2019ouvrir la partie officielle de notre F\u00eate nationale. Soyez tous les bienvenus \u00e0 Veyrier pour comm\u00e9morer les valeurs de notre patrie. La Suisse est un havre de paix, un exemple de d\u00e9mocratie, un pays prosp\u00e8re o\u00f9 l\u2019on vit, ma foi, plut\u00f4t bien \u00e0 l\u2019heure de la [&hellip;]<\/p>\n","protected":false},"author":1,"featured_media":40297,"comment_status":"closed","ping_status":"closed","sticky":false,"template":"","format":"standard","meta":{"_acf_changed":false,"_et_pb_use_builder":"off","_et_pb_old_content":"","_et_gb_content_width":"","content-type":"","om_disable_all_campaigns":false,"_monsterinsights_skip_tracking":false,"_monsterinsights_sitenote_active":false,"_monsterinsights_sitenote_note":"","_monsterinsights_sitenote_category":0,"_uf_show_specific_survey":0,"_uf_disable_surveys":false,"footnotes":""},"categories":[36],"tags":[],"class_list":["post-39892","post","type-post","status-publish","format-standard","has-post-thumbnail","hentry","category-news-de"],"acf":{"donation_amount":null,"signatures_amount":null,"kampagne_sticker":null,"kampagne_bogen":null,"kampagne_begeisterung":null,"events_table":null},"aioseo_notices":[],"_donation_amount":"","_signatures_amount":"","donation_amount":"","signatures_amount":"","_links":{"self":[{"href":"https:\/\/milizengagement.ch\/de\/wp-json\/wp\/v2\/posts\/39892","targetHints":{"allow":["GET"]}}],"collection":[{"href":"https:\/\/milizengagement.ch\/de\/wp-json\/wp\/v2\/posts"}],"about":[{"href":"https:\/\/milizengagement.ch\/de\/wp-json\/wp\/v2\/types\/post"}],"author":[{"embeddable":true,"href":"https:\/\/milizengagement.ch\/de\/wp-json\/wp\/v2\/users\/1"}],"replies":[{"embeddable":true,"href":"https:\/\/milizengagement.ch\/de\/wp-json\/wp\/v2\/comments?post=39892"}],"version-history":[{"count":2,"href":"https:\/\/milizengagement.ch\/de\/wp-json\/wp\/v2\/posts\/39892\/revisions"}],"predecessor-version":[{"id":47803,"href":"https:\/\/milizengagement.ch\/de\/wp-json\/wp\/v2\/posts\/39892\/revisions\/47803"}],"wp:featuredmedia":[{"embeddable":true,"href":"https:\/\/milizengagement.ch\/de\/wp-json\/wp\/v2\/media\/40297"}],"wp:attachment":[{"href":"https:\/\/milizengagement.ch\/de\/wp-json\/wp\/v2\/media?parent=39892"}],"wp:term":[{"taxonomy":"category","embeddable":true,"href":"https:\/\/milizengagement.ch\/de\/wp-json\/wp\/v2\/categories?post=39892"},{"taxonomy":"post_tag","embeddable":true,"href":"https:\/\/milizengagement.ch\/de\/wp-json\/wp\/v2\/tags?post=39892"}],"curies":[{"name":"wp","href":"https:\/\/api.w.org\/{rel}","templated":true}]}}