{"id":39899,"date":"2011-10-17T12:57:00","date_gmt":"2011-10-17T10:57:00","guid":{"rendered":"https:\/\/www.servicecitoyen.ch\/?p=39899"},"modified":"2022-08-17T19:26:54","modified_gmt":"2022-08-17T17:26:54","slug":"pour-un-service-citoyen","status":"publish","type":"post","link":"https:\/\/milizengagement.ch\/de\/pour-un-service-citoyen\/","title":{"rendered":"Pour un service citoyen"},"content":{"rendered":"\n<p class=\"has-drop-cap\">Actuellement, l\u2019obligation de servir concerne tous les citoyens suisses de sexe masculin \u00e2g\u00e9 de 18 \u00e0 35 ans. Celui-ci peut n\u00e9anmoins \u00eatre remplac\u00e9 par un service civil s\u2019il fait l\u2019objet d\u2019une demande motiv\u00e9e. En ce cas, les personnes jug\u00e9es inaptes seront astreintes \u00e0 la taxe militaire jusqu\u2019\u00e0 30 ans bien qu\u2019il soit loisible d\u2019en diminuer le co\u00fbt en effectuant des jours de protection civile. Quant aux femmes, elles en sont lib\u00e9r\u00e9es mais elles peuvent effectuer un service sur une base volontaire.<\/p>\n\n<p>Lors de sa cr\u00e9ation en 1848, la conscription militaire obligatoire devait permettre la lev\u00e9e rapide d\u2019une arm\u00e9e de masse pour assurer la d\u00e9fense du territoire dans le climat d\u2019ins\u00e9curit\u00e9 qui pr\u00e9valait alors sur le territoire europ\u00e9en. Cette menace a perdur\u00e9 jusqu\u2019\u00e0 la fin de la guerre froide. Pas moins de 800\u2019000 hommes formaient alors les effectifs de l\u2019arm\u00e9e suisse. Cependant, depuis la chute du Mur, le contexte g\u00e9opolitique a diam\u00e9tralement chang\u00e9. Les effectifs de l\u2019arm\u00e9e, dont l\u2019organisation est devenue obsol\u00e8te, n\u2019ont cess\u00e9 d\u2019\u00eatre revus \u00e0 la baisse. Le 14 septembre dernier, le Conseil national a finalement pris position en faveur d\u2019une arm\u00e9e \u00e0 100\u2019000 hommes.<\/p>\n\n<p>Aujourd\u2019hui, l\u2019arm\u00e9e en sureffectif remet en question le principe m\u00eame de l\u2019obligation de servir. En 2010, seuls 50% des jeunes soumis \u00e0 la conscription obligatoire, soit un jeune sur cinq, ont r\u00e9ellement effectu\u00e9 leur service. Parall\u00e8lement, le service civil victime de son succ\u00e8s donnait lieu \u00e0 des mesures dissuasives pour freiner le nombre de ceux qui s\u2019engageaient dans la voie bleue. Au final, 35% des jeunes hommes se trouvent exempt\u00e9s de tout service. Ces chiffres plaident par eux-m\u00eames. Il faut se rendre \u00e0 l\u2019\u00e9vidence, le concept de l\u2019obligation de servir est en crise. Le Groupe pour une Suisse sans arm\u00e9e s\u2019est d\u2019ailleurs engouffr\u00e9 dans la br\u00e8che en lan\u00e7ant une initiative pour supprimer purement et simplement l\u2019obligation de servir de la Constitution suisse.<\/p>\n\n<p>Cependant, les Suisses ont d\u00e9montr\u00e9 \u00e0 maintes reprises leur attachement au principe du service rendu \u00e0 la collectivit\u00e9 et en 1996 les radicaux y ont fait un large \u00e9cho en se mobilisant pour la cr\u00e9ation d\u2019un service civil de remplacement pour les objecteurs de conscience. Il convient de poursuivre ce l\u00e9gitime effort de r\u00e9forme et d\u2019abonder dans le sens des jeunes suisses qui ont \u00e0 c\u0153ur de s\u2019investir utilement pour leur pays. Par ailleurs, l\u2019\u00e9volution sociale et politique durant les derni\u00e8res d\u00e9cennies nous conduit \u00e0 repenser enti\u00e8rement les principes du devoir de servir et \u00e0 red\u00e9finir ses modalit\u00e9s pour les ajuster aux vrais besoins de notre soci\u00e9t\u00e9. Plut\u00f4t que de conserver en l\u2019\u00e9tat une conscription militaire inapplicable dans les faits, il faut au contraire promouvoir le service civil et le reconna\u00eetre comme un service \u00e0 part enti\u00e8re.<\/p>\n\n<p>Nous proposons l\u2019instauration d\u2019un service citoyen obligatoire, d\u2019une dur\u00e9e de 180 jours minimum, pour tous les jeunes, hommes et femmes, suisses et \u00e9trangers, \u00e0 effectuer entre 18 et 30 ans. Il s\u2019agit tout \u00e0 la fois de replacer la notion de service dans le cadre des r\u00e9alit\u00e9s s\u00e9curitaires, sociales et d\u00e9mographiques de notre \u00e9poque, de corriger les contingents militaires en surnombre et d\u2019anticiper les besoins et le vieillissement de la population. Le principe de milice que nous mettons en avant appara\u00eet d\u00e8s lors comme un id\u00e9al d\u00e9mocratique. Il consacre l\u2019engagement de chacun dans tous les rouages n\u00e9cessaires au bon fonctionnement de la soci\u00e9t\u00e9, particuli\u00e8rement en mati\u00e8re de politique et de d\u00e9fense nationale. Il renforce la coh\u00e9sion nationale entre concitoyens dans une Suisse caract\u00e9ris\u00e9e par ses diff\u00e9rences linguistiques et son multiculturalisme.<\/p>\n\n<p>Le service citoyen d\u00e9butera par une journ\u00e9e d\u2019information. Les jeunes auront le choix entre le service militaire \u2013 dont la p\u00e9nibilit\u00e9 sup\u00e9rieure appellera quelques compensations \u2013 et toute autre forme de service : entretien du patrimoine culturel et naturel, soins aux personnes \u00e2g\u00e9es et d\u00e9pendantes, aide pour les jeunes m\u00e8res, soins \u00e0 la petite enfance, protection de la nature et de l\u2019environnement, entretien des for\u00eats, coop\u00e9ration au d\u00e9veloppement et \u00e0 l\u2019aide humanitaire. De plus, seront port\u00e9es \u00e9galement au nombre des options du service citoyen la protection civile, l\u2019engagement au sein d\u2019une compagnie de sapeurs-pompiers volontaires, l\u2019enseignement extra-scolaire, les soins \u00e0 domicile, l\u2019aide aux r\u00e9gions de montagne et l\u2019entretien de l\u2019espace public. Pour des raisons politiques de d\u00e9fense nationale, le service militaire restera toutefois r\u00e9serv\u00e9 aux seuls citoyens suisses. A l\u2019heure o\u00f9 la p\u00e9nurie de main-d\u2019\u0153uvre se fait cruellement sentir dans le secteur social et sanitaire, le renfort de civilistes promet d\u2019offrir une ressource d\u00e9cisive.<\/p>\n\n<p>Le service citoyen entend promouvoir activement les valeurs fondamentales d\u2019une soci\u00e9t\u00e9 d\u00e9mocratique tels l\u2019engagement, la responsabilit\u00e9, la solidarit\u00e9 et donner l\u2019occasion \u00e0 chaque jeune citoyen de se r\u00e9aliser dans l\u2019espace communautaire en prenant conscience des enjeux de notre \u00e9poque. Au travers du service citoyen, les jeunes pourront b\u00e9n\u00e9ficier en outre d\u2019exp\u00e9riences utiles sur le plan professionnel et leur engagement contribuera au maintien de relations interg\u00e9n\u00e9rationnelles et au bon fonctionnement de nos institutions qui jouissent d\u2019une stabilit\u00e9 encore enviable. Les r\u00e9centes \u00e9meutes \u00e0 Londres ainsi que dans les banlieues fran\u00e7aises en 2005 d\u00e9montrent combien la paix sociale est fragile et pr\u00e9caire et que des efforts doivent absolument \u00eatre consentis pour la renforcer.<\/p>\n\n<p>Nous, Jeunes PLR, voulons inventer une nouvelle expression de la solidarit\u00e9 et revaloriser le service \u00e0 la collectivit\u00e9. Nous voulons r\u00e9tablir l\u2019\u00e9galit\u00e9 de tous devant le devoir de servir et int\u00e9grer les jeunes femmes et les jeunes \u00e9trangers \u00e0 notre projet soci\u00e9tal. Nous appelons de nos v\u0153ux la cr\u00e9ation d\u2019un service citoyen qui soit r\u00e9ellement utile pour la Suisse comme pour les jeunes.<\/p>\n\n<blockquote class=\"wp-block-quote is-layout-flow wp-block-quote-is-layout-flow\"><p><p>Ce texte a \u00e9t\u00e9 initialement publi\u00e9 dans <a href=\"https:\/\/alexandrejoehl.wordpress.com\/2011\/10\/17\/pour-un-service-citoyen\/\">Carnet de notes<\/a>, le blog tdg d\u2019Alexandre J\u00f6hl<\/p><\/p><\/blockquote>\n\n<figure class=\"wp-block-image\"><img decoding=\"async\" src=\"https:\/\/lh3.googleusercontent.com\/6SDOeuA03hopDghFu-TidBHcIQd03stFXmQBbo_ptOHCTPQjxiJMeBEcSpw_s2MRkPU6IV0x3XnW8FSqpEgTcUh0mafi3K9dZgSrxjxo4G2sLruGxEu-LHwFR-1L0xvU3_FDDjOJfM3vXmUVYw\" alt=\"\"\/><figcaption><p>Photo: VBS\/DDPS, <a href=\"https:\/\/creativecommons.org\/licenses\/by-nc-nd\/3.0\/ch\/legalcode.fr\">CC BY-NC-ND 3.0 CH<\/a><\/p><\/figcaption><\/figure>","protected":false},"excerpt":{"rendered":"<p>Actuellement, l\u2019obligation de servir concerne tous les citoyens suisses de sexe masculin \u00e2g\u00e9 de 18 \u00e0 35 ans. Celui-ci peut n\u00e9anmoins \u00eatre remplac\u00e9 par un service civil s\u2019il fait l\u2019objet d\u2019une demande motiv\u00e9e. En ce cas, les personnes jug\u00e9es inaptes seront astreintes \u00e0 la taxe militaire jusqu\u2019\u00e0 30 ans bien qu\u2019il soit loisible d\u2019en diminuer [&hellip;]<\/p>\n","protected":false},"author":1,"featured_media":40277,"comment_status":"closed","ping_status":"closed","sticky":false,"template":"","format":"standard","meta":{"_acf_changed":false,"_et_pb_use_builder":"off","_et_pb_old_content":"","_et_gb_content_width":"","content-type":"","om_disable_all_campaigns":false,"_monsterinsights_skip_tracking":false,"_monsterinsights_sitenote_active":false,"_monsterinsights_sitenote_note":"","_monsterinsights_sitenote_category":0,"_uf_show_specific_survey":0,"_uf_disable_surveys":false,"footnotes":""},"categories":[36],"tags":[],"class_list":["post-39899","post","type-post","status-publish","format-standard","has-post-thumbnail","hentry","category-news-de"],"acf":{"donation_amount":null,"signatures_amount":null,"kampagne_sticker":null,"kampagne_bogen":null,"kampagne_begeisterung":null,"events_table":null},"aioseo_notices":[],"_donation_amount":"","_signatures_amount":"","donation_amount":"","signatures_amount":"","_links":{"self":[{"href":"https:\/\/milizengagement.ch\/de\/wp-json\/wp\/v2\/posts\/39899","targetHints":{"allow":["GET"]}}],"collection":[{"href":"https:\/\/milizengagement.ch\/de\/wp-json\/wp\/v2\/posts"}],"about":[{"href":"https:\/\/milizengagement.ch\/de\/wp-json\/wp\/v2\/types\/post"}],"author":[{"embeddable":true,"href":"https:\/\/milizengagement.ch\/de\/wp-json\/wp\/v2\/users\/1"}],"replies":[{"embeddable":true,"href":"https:\/\/milizengagement.ch\/de\/wp-json\/wp\/v2\/comments?post=39899"}],"version-history":[{"count":2,"href":"https:\/\/milizengagement.ch\/de\/wp-json\/wp\/v2\/posts\/39899\/revisions"}],"predecessor-version":[{"id":47796,"href":"https:\/\/milizengagement.ch\/de\/wp-json\/wp\/v2\/posts\/39899\/revisions\/47796"}],"wp:featuredmedia":[{"embeddable":true,"href":"https:\/\/milizengagement.ch\/de\/wp-json\/wp\/v2\/media\/40277"}],"wp:attachment":[{"href":"https:\/\/milizengagement.ch\/de\/wp-json\/wp\/v2\/media?parent=39899"}],"wp:term":[{"taxonomy":"category","embeddable":true,"href":"https:\/\/milizengagement.ch\/de\/wp-json\/wp\/v2\/categories?post=39899"},{"taxonomy":"post_tag","embeddable":true,"href":"https:\/\/milizengagement.ch\/de\/wp-json\/wp\/v2\/tags?post=39899"}],"curies":[{"name":"wp","href":"https:\/\/api.w.org\/{rel}","templated":true}]}}