{"id":39904,"date":"2014-09-04T12:59:00","date_gmt":"2014-09-04T10:59:00","guid":{"rendered":"https:\/\/www.servicecitoyen.ch\/?p=39904"},"modified":"2022-08-17T19:26:54","modified_gmt":"2022-08-17T17:26:54","slug":"service-citoyen-la-milice-reinventee","status":"publish","type":"post","link":"https:\/\/milizengagement.ch\/de\/service-citoyen-la-milice-reinventee\/","title":{"rendered":"Service citoyen: la milice r\u00e9invent\u00e9e"},"content":{"rendered":"\n<p>Afin de faire face aux nouveaux d\u00e9fis socio\u00e9conomiques, pour redonner sens \u00e0 une obligation g\u00e9n\u00e9rale de servir et pour respecter l\u2019\u00e9galit\u00e9 des sexes, r\u00e9inventons la milice suisse. La solution: un service citoyen, obligatoire pour toute citoyenne et tout citoyen suisse, fond\u00e9 sur le libre choix, tout en maintenant pour l\u2019arm\u00e9e une s\u00e9curit\u00e9 sur ses effectifs.<\/p>\n\n<p>Le peuple suisse s\u2019est prononc\u00e9: pl\u00e9biscite de l\u2019obligation de servir, mais refus des nouveaux avions de combats. Selon le sondage annuel sur la s\u00e9curit\u00e9 men\u00e9 par l\u2019EPFZ, 80% de la population suisse consid\u00e8re que l\u2019arm\u00e9e est n\u00e9cessaire et 61% soutiennent le syst\u00e8me de milice. Si l\u2019on ne peut que f\u00e9liciter la confiance exprim\u00e9e dans la milice suisse, il serait faux de penser que le syst\u00e8me n\u2019a pas besoin de se moderniser pour r\u00e9pondre aux changements sociopolitiques du XXIe si\u00e8cle. Les effectifs des forces arm\u00e9es n\u2019ont cess\u00e9 de fondre. Femmes et hommes sont maintenant consid\u00e9r\u00e9s comme \u00e9gaux. Et\u00a0 l\u2019\u00e9mergence de nouveaux d\u00e9fis requiert un renforcement des moyens d\u2019assistance, ainsi que la consolidation des institutions favorisant la coh\u00e9sion et l\u2019int\u00e9gration sociale. Le syst\u00e8me qui autrefois \u00e9tait en ad\u00e9quation avec son temps touche aujourd\u2019hui ses limites.\u00a0<\/p>\n\n<p>C\u2019est le choix et ses cons\u00e9quences, qui \u00e9veillent le sens des responsabilit\u00e9s. L\u2019obligation de servir actuelle se confine \u00e0 sa ligne historique: l\u2019arm\u00e9e; le service civil et la protection civile ne sont que de rang secondaire. L\u2019effectif militaire, compos\u00e9 de quelque 800 000 hommes dans les ann\u00e9es 80, plafonnera finalement \u00e0 100 000 hommes selon le dernier plan en date. Dans une Suisse \u00e0 plus de 8 millions d\u2019habitants, beaucoup d\u2019appel\u00e9s, peu d\u2019\u00e9lus. Peut-on encore parler d\u2019une obligation g\u00e9n\u00e9rale de servir quand moins d\u2019un appel\u00e9 sur deux accomplit encore effectivement le service militaire? Le service civil, quant \u00e0 lui, conna\u00eet un formidable essor. Pourtant, en d\u00e9pit ou en raison de son succ\u00e8s, le service civil \u2013 \u00e0 ne pas confondre avec la protection civile \u2013 est d\u00e9lib\u00e9r\u00e9ment brid\u00e9 par les autorit\u00e9s f\u00e9d\u00e9rales, et son acc\u00e8s reste proc\u00e9durier. Pourtant, la Commission f\u00e9d\u00e9rale pour l\u2019enfance et la jeunesse (CFEJ) consid\u00e8re qu\u2019une \u00abarriv\u00e9e de milliers de nouveaux civilistes ne constituerait pas un probl\u00e8me pour l\u2019\u00e9conomie priv\u00e9e\u00bb. D\u2019ailleurs, par exemple, l\u2019acc\u00e8s direct au service civil est simplement impossible aux femmes volontaires, puisqu\u2019une incorporation dans l\u2019arm\u00e9e est une condition pr\u00e9alable. Nous consid\u00e9rons que chaque citoyen devrait effectuer un service et qu\u2019il revient \u00e0 chacun de choisir son type de service obligatoire. L\u2019int\u00e9gration des citoyennes! Sans blague. Permettons aux citoyennes de b\u00e9n\u00e9ficier, comme leurs compatriotes masculins, de l\u2019exp\u00e9rience enrichissante qu\u2019est le service \u00e0 sa patrie. L\u2019exclusion des femmes, fond\u00e9e sur leurs capacit\u00e9s physiques ou leur vuln\u00e9rabilit\u00e9 suppos\u00e9es, ne ferait plus de sens d\u00e8s lors que chacun serait libre de choisir son activit\u00e9 de service. Quant \u00e0 l\u2019incontournable maternit\u00e9, il serait concevable qu\u2019une partie ou la totalit\u00e9 des jours de cong\u00e9 maternit\u00e9 puissent \u00eatre assimil\u00e9s \u00e0 des jours de service. Apr\u00e8s tout, les deux puisent \u00e0 la m\u00eame source: les allocations pour perte de gain (APG).<\/p>\n\n<p>Une clause de sauvegarde pour rassurer les gris-verts qui craignent de manquer de recrues aptes au service. L\u2019int\u00e9r\u00eat imp\u00e9ratif de d\u00e9fense et de souverainet\u00e9 territoriale doit garder sa pr\u00e9pond\u00e9rance: une telle disposition en faveur de l\u2019arm\u00e9e lui garantirait les effectifs n\u00e9cessaires. L\u2019arm\u00e9e pourrait donc astreindre des hommes (ou \u00e9ventuellement aussi des femmes) \u00e0 accomplir leur service au sein des forces arm\u00e9es si le nombre de volontaires se r\u00e9v\u00e9lait trop maigre.\u00a0<\/p>\n\n<p>Les domaines d\u2019activit\u00e9 de l\u2019obligation de servir devraient se d\u00e9ployer au-del\u00e0 de leur confinement actuel. Le Conseil f\u00e9d\u00e9ral se penche d\u00e9j\u00e0 sur un projet de formation approfondie des civilistes afin d\u2019\u00e9tendre leurs domaines de comp\u00e9tence. En plus des secteurs reconnus \u2013 service social, sauvegarde \u00e9cologique, sant\u00e9, agriculture et coop\u00e9ration internationale \u2013, nombre d\u2019activit\u00e9s d\u2019int\u00e9r\u00eat public, comme l\u2019aide et les soins \u00e0 domicile, le soutien scolaire et de la petite enfance, les t\u00e2ches auxiliaires de s\u00e9curit\u00e9, l\u2019assistance administrative ou juridique, manquent de forces vives. En outre, hormis le service civil, il serait bienvenu de reconna\u00eetre des jours d\u00e9ductibles les services \u00e9quivalents comme les services du feu, les Samaritains ou les mandats communaux d\u00e9j\u00e0 pratiqu\u00e9s par certains concitoyens.\u00a0<\/p>\n\n<p>En un mot: osons! Le service citoyen permettrait de nous rappeler ce qu\u2019ensemble nous sommes capables d\u2019accomplir. En favorisant la mobilit\u00e9 entre les r\u00e9gions linguistiques et les diff\u00e9rents milieux socioculturels, l\u2019obligation de servir g\u00e9n\u00e9ralis\u00e9e renforce le lien interg\u00e9n\u00e9rationnel et conf\u00e9d\u00e9ral n\u00e9cessaire \u00e0 la coh\u00e9sion nationale. Les classes sociales se confondent, les g\u00e9n\u00e9rations se rencontrent, les enfants d\u2019immigr\u00e9s s\u2019int\u00e8grent, l\u2019apprentissage d\u2019autres langues se perfectionne: les concitoyens apprennent \u00e0 conna\u00eetre leurs r\u00e9alit\u00e9s respectives et l\u2019espace commun qui les rattachent. Quoi de mieux qu\u2019une communaut\u00e9 unie par l\u2019action et consciente d\u2019elle-m\u00eame pour renforcer le bien-\u00eatre de tous?\u00a0Cet article est paru dans la rubrique Id\u00e9es &amp; d\u00e9bats de l\u2019<a href=\"https:\/\/servicecitoyen.ch\/wp-content\/uploads\/2014\/01\/Service-citoyen-la-milice-suisse-r%C3%A9invent%C3%A9e-LHebdo.pdf\">Hebdo<\/a>, le 4 septembre 2014<\/p>\n\n<figure class=\"wp-block-image\"><img decoding=\"async\" src=\"https:\/\/lh5.googleusercontent.com\/1D4wjGlYcX-czsp69WJVFxVxqkVGezOYUp9RN_vVfzFpexVSLGnGLqeEp4N5lNSRKBeLdFfkrBV1tQw1UfPehYZhNeiOz7BIaEvU6UCFIK6hF5fLTl41laxRluLQHldeqbriQls67Devh-ppfw\" alt=\"\"\/><\/figure>\n<p>Photo: VBS\/DDPS, <a href=\"https:\/\/creativecommons.org\/licenses\/by-nc-nd\/3.0\/ch\/legalcode.fr\">CC BY-NC-ND 3.0 CH<\/a><\/p>\n","protected":false},"excerpt":{"rendered":"<p>Afin de faire face aux nouveaux d\u00e9fis socio\u00e9conomiques, pour redonner sens \u00e0 une obligation g\u00e9n\u00e9rale de servir et pour respecter l\u2019\u00e9galit\u00e9 des sexes, r\u00e9inventons la milice suisse. La solution: un service citoyen, obligatoire pour toute citoyenne et tout citoyen suisse, fond\u00e9 sur le libre choix, tout en maintenant pour l\u2019arm\u00e9e une s\u00e9curit\u00e9 sur ses effectifs. [&hellip;]<\/p>\n","protected":false},"author":1,"featured_media":40282,"comment_status":"closed","ping_status":"closed","sticky":false,"template":"","format":"standard","meta":{"_acf_changed":false,"_et_pb_use_builder":"off","_et_pb_old_content":"","_et_gb_content_width":"","content-type":"","om_disable_all_campaigns":false,"_monsterinsights_skip_tracking":false,"_monsterinsights_sitenote_active":false,"_monsterinsights_sitenote_note":"","_monsterinsights_sitenote_category":0,"_uf_show_specific_survey":0,"_uf_disable_surveys":false,"footnotes":""},"categories":[36],"tags":[],"class_list":["post-39904","post","type-post","status-publish","format-standard","has-post-thumbnail","hentry","category-news-de"],"acf":{"donation_amount":null,"signatures_amount":null,"kampagne_sticker":null,"kampagne_bogen":null,"kampagne_begeisterung":null,"events_table":null},"aioseo_notices":[],"_donation_amount":"","_signatures_amount":"","donation_amount":"","signatures_amount":"","_links":{"self":[{"href":"https:\/\/milizengagement.ch\/de\/wp-json\/wp\/v2\/posts\/39904","targetHints":{"allow":["GET"]}}],"collection":[{"href":"https:\/\/milizengagement.ch\/de\/wp-json\/wp\/v2\/posts"}],"about":[{"href":"https:\/\/milizengagement.ch\/de\/wp-json\/wp\/v2\/types\/post"}],"author":[{"embeddable":true,"href":"https:\/\/milizengagement.ch\/de\/wp-json\/wp\/v2\/users\/1"}],"replies":[{"embeddable":true,"href":"https:\/\/milizengagement.ch\/de\/wp-json\/wp\/v2\/comments?post=39904"}],"version-history":[{"count":3,"href":"https:\/\/milizengagement.ch\/de\/wp-json\/wp\/v2\/posts\/39904\/revisions"}],"predecessor-version":[{"id":50088,"href":"https:\/\/milizengagement.ch\/de\/wp-json\/wp\/v2\/posts\/39904\/revisions\/50088"}],"wp:featuredmedia":[{"embeddable":true,"href":"https:\/\/milizengagement.ch\/de\/wp-json\/wp\/v2\/media\/40282"}],"wp:attachment":[{"href":"https:\/\/milizengagement.ch\/de\/wp-json\/wp\/v2\/media?parent=39904"}],"wp:term":[{"taxonomy":"category","embeddable":true,"href":"https:\/\/milizengagement.ch\/de\/wp-json\/wp\/v2\/categories?post=39904"},{"taxonomy":"post_tag","embeddable":true,"href":"https:\/\/milizengagement.ch\/de\/wp-json\/wp\/v2\/tags?post=39904"}],"curies":[{"name":"wp","href":"https:\/\/api.w.org\/{rel}","templated":true}]}}