{"id":39909,"date":"2014-10-03T13:00:00","date_gmt":"2014-10-03T11:00:00","guid":{"rendered":"https:\/\/www.servicecitoyen.ch\/?p=39909"},"modified":"2022-08-17T19:26:54","modified_gmt":"2022-08-17T17:26:54","slug":"service-citoyen-la-milice-suisse-reinventee","status":"publish","type":"post","link":"https:\/\/milizengagement.ch\/de\/service-citoyen-la-milice-suisse-reinventee\/","title":{"rendered":"B\u00fcrgerservice: Die Schweizer Miliz neu gedacht."},"content":{"rendered":"\n<p class=\"has-drop-cap\">Afin de faire face aux nouveaux d\u00e9fis socio-\u00e9conomiques, pour redonner sens \u00e0 une obligation g\u00e9n\u00e9rale de servir et pour respecter l\u2019\u00e9galit\u00e9 des sexes, r\u00e9inventons la milice suisse. La solution: un service citoyen, obligatoire pour toute citoyenne et citoyen suisse, bas\u00e9 sur le libre choix, tout en maintenant pour l\u2019arm\u00e9e une s\u00e9curit\u00e9 quant \u00e0 ses effectifs.<\/p>\n\n<p>Le peuple suisse s\u2019est prononc\u00e9: pl\u00e9biscite de l\u2019obligation de servir, mais refus des nouveaux avions de combats. Selon le sondage annuel sur la s\u00e9curit\u00e9 men\u00e9 par l\u2019EPFZ, 80% de la population suisse consid\u00e8re que l\u2019arm\u00e9e est n\u00e9cessaire et 61% soutiennent le syst\u00e8me de milice. Si l\u2019on ne peut que f\u00e9liciter la confiance exprim\u00e9e dans la milice suisse, il serait faux de penser que le syst\u00e8me n\u2019a pas besoin de se moderniser pour r\u00e9pondre aux changements socio-politiques du XXIe si\u00e8cle. Les effectifs des forces arm\u00e9es n\u2019ont cess\u00e9 de fondre. Femmes et hommes sont maintenant consid\u00e9r\u00e9s comme \u00e9gaux. Et l\u2019\u00e9mergence de nouveaux d\u00e9fis requiert un renforcement des moyens d\u2019assistance, ainsi que la consolidation des institutions favorisant la coh\u00e9sion et l\u2019int\u00e9gration sociale. Le syst\u00e8me qui autrefois \u00e9tait en ad\u00e9quation avec son temps atteint aujourd\u2019hui ses limites.<\/p>\n\n<p>C\u2019est le choix, et ses cons\u00e9quences, qui \u00e9veillent le sens des responsabilit\u00e9s. L\u2019obligation actuelle de servir se confine \u00e0 sa ligne historique, l\u2019arm\u00e9e; le service civil et la protection civile ne sont que de rang secondaire. L\u2019effectif militaire, compos\u00e9 de quelque 800\u2019000 hommes dans les ann\u00e9es huitante, plafonnera finalement \u00e0 100\u2019000 hommes selon le dernier plan en date. Dans une Suisse \u00e0 plus de huit millions d\u2019habitants; beaucoup d\u2019appel\u00e9s, peu d\u2019\u00e9lus. Peut-on encore parler d\u2019une obligation g\u00e9n\u00e9rale de servir, quand moins d\u2019un appel\u00e9 sur deux accomplit encore effectivement un service militaire? Le service civil, quant \u00e0 lui, connait un formidable essor. Pourtant, en d\u00e9pit ou en raison de son succ\u00e8s, le service civil \u2013 \u00e0 ne pas confondre avec la protection du m\u00eame nom \u2013 est d\u00e9lib\u00e9r\u00e9ment brid\u00e9 par les Autorit\u00e9s f\u00e9d\u00e9rales, et son acc\u00e8s reste proc\u00e9durier. Pourtant la commission f\u00e9d\u00e9rale pour l&#8217;enfance et la jeunesse (CFEJ) consid\u00e8re qu\u2019une \u00abarriv\u00e9e de milliers de nouveaux civilistes ne constituerait pas un probl\u00e8me pour l\u2019\u00e9conomie priv\u00e9e\u00bb. D\u2019ailleurs, par exemple, l\u2019acc\u00e8s direct au service civil est simplement impossible aux femmes volontaires puisqu\u2019une incorporation pr\u00e9alable dans l\u2019arm\u00e9e est une condition pr\u00e9alable. Nous consid\u00e9rons que chaque citoyen devrait effectuer un service et qu\u2019il revient \u00e0 chacun de choisir son type de service obligatoire.\u00a0<\/p>\n\n<p>L\u2019int\u00e9gration des citoyennes! Sans blague. Permettons aux citoyennes de b\u00e9n\u00e9ficier, comme leurs compatriotes masculins, de l\u2019exp\u00e9rience enrichissante qu\u2019est le service \u00e0 sa patrie. L\u2019exclusion des femmes, fond\u00e9e sur leurs capacit\u00e9s physiques ou leur vuln\u00e9rabilit\u00e9 suppos\u00e9es ne fait plus de sens, d\u00e8s lors que chacun serait libre de choisir son activit\u00e9 de service. Quant \u00e0 l\u2019incontournable maternit\u00e9, il serait concevable qu\u2019une partie ou la totalit\u00e9 des jours de cong\u00e9 maternit\u00e9 puissent \u00eatre assimil\u00e9s \u00e0 des jours de service. Apr\u00e8s tout, les deux puisent \u00e0 la m\u00eame source: l\u2019APG.<\/p>\n\n<p>Une clause de sauvegarde pour rassurer les gris-verts qui craignent de manquer de recrues aptes au service. L&#8217;int\u00e9r\u00eat imp\u00e9ratif de d\u00e9fense et de souverainet\u00e9 territoriale doit garder sa pr\u00e9pond\u00e9rance: une clause de sauvegarde en faveur de l\u2019arm\u00e9e lui garantirait les effectifs n\u00e9cessaires. L\u2019arm\u00e9e pourrait donc astreindre des hommes (ou \u00e9ventuellement aussi des femmes) \u00e0 accomplir leur service au sein des forces arm\u00e9es si le nombre de volontaires s\u2019av\u00e9rait trop maigre.<\/p>\n\n<p>Les domaines d\u2019activit\u00e9s de l\u2019obligation de servir devraient se d\u00e9ployer au-del\u00e0 de leur confinement actuel. Le Conseil f\u00e9d\u00e9ral se penche d\u00e9j\u00e0 sur un projet de formation approfondie des civilistes afin d\u2019\u00e9tendre leurs domaines de comp\u00e9tences. En plus des secteurs reconnus \u2013 service social, sauvegarde \u00e9cologique, sant\u00e9, l\u2019agriculture et coop\u00e9ration internationale \u2013 nombre d\u2019activit\u00e9s d\u2019int\u00e9r\u00eat public, comme par exemple l\u2019aide et les soins \u00e0 domicile, le soutien scolaire et de la petite enfance, les t\u00e2ches auxiliaires de s\u00e9curit\u00e9, l\u2019assistance administrative ou juridique, manquent de forces vives. En outre, hormis le service civil, il serait bienvenu de reconna\u00eetre des jours d\u00e9ductibles les services \u00e9quivalents comme les services du feu, les samaritains ou les mandats communaux d\u00e9j\u00e0 pratiqu\u00e9s par certains concitoyens.<\/p>\n\n<p>En un mot: osons! Le service citoyen permettrait de nous rappeler ce qu\u2019ensemble nous sommes capables d\u2019accomplir. En favorisant la mobilit\u00e9 entre les r\u00e9gions linguistiques et les diff\u00e9rents milieux socio-culturels, l\u2019obligation de servir g\u00e9n\u00e9ralis\u00e9e renforce le lien interg\u00e9n\u00e9rationnel et conf\u00e9d\u00e9ral n\u00e9cessaire \u00e0 la coh\u00e9sion nationale. Les classes sociales se confondent, les g\u00e9n\u00e9rations se rencontrent, les enfants d\u2019immigr\u00e9s s\u2019int\u00e8grent, l\u2019apprentissage d&#8217;autres langues se perfectionne: les concitoyens apprennent \u00e0 conna\u00eetre leurs r\u00e9alit\u00e9s respectives et l&#8217;espace commun qui les rattachent. Quoi de mieux qu&#8217;une communaut\u00e9 unie par l\u2019action et consciente d\u2019elle-m\u00eame pour renforcer le bien-\u00eatre de tous?<\/p>\n\n<div style=\"height:40px\" aria-hidden=\"true\" class=\"wp-block-spacer\"><\/div>\n\n<h3 class=\"wp-block-heading\"><p>Paraphes personnels<em><br\/><\/em><\/p><\/h3>\n\n<blockquote class=\"wp-block-quote is-layout-flow wp-block-quote-is-layout-flow\"><p>Jeune lieutenant d\u2019exploration d\u2019infanterie, 30 soldats et 5 sous-officiers sous mes ordres, 19 ans. Nulle part autre qu\u2019\u00e0 l&#8217;arm\u00e9e suisse un jeune citoyen ne se voit confier autant de responsabilit\u00e9s tout en \u00e9tant encadr\u00e9 de professionnels comp\u00e9tents et exigeants. Je ne dormais pas plus de quatre heures par nuit, \u00e9tais constamment sous pression et confront\u00e9 aux d\u00e9fis de direction, d\u2019organisation et d\u2019instruction. Cette t\u00e2che hautement stimulante et \u00e9puisante m\u2019a ouvert les yeux sur les probl\u00e8mes que doit r\u00e9soudre un chef et m\u2019a appris comment me comporter en tant que sup\u00e9rieur pour accomplir au mieux les missions\u00a0 re\u00e7ues. En quelque sorte, gr\u00e2ce \u00e0 l\u2019arm\u00e9e de milice, \u00e0 19 ans j\u2019ai eu le droit d\u2019\u00eatre entra\u00een\u00e9 comme le sont seulement les participants d\u2019un MBA \u00e0 30 ans.<\/p><cite>Matthieu Gueissaz, 24 ans, \u00e9tudiant<\/cite><\/blockquote>\n\n<blockquote class=\"wp-block-quote is-layout-flow wp-block-quote-is-layout-flow\"><p>A 19 ans, l\u2019\u00e9cole de recrue a \u00e9t\u00e9 pour moi une extraordinaire exp\u00e9rience de vie. Venant de ce fief reclus du bout du lac L\u00e9man, j\u2019ai appris \u00e0 conna\u00eetre notre pays dans sa diversit\u00e9 culturelle et territoriale. Cela m\u2019a d\u2019ailleurs d\u00e9cid\u00e9 \u00e0 \u00e9tudier dans le canton bilingue de Fribourg; j\u2019ai mis de l&#8217;ordre dans ma vie en g\u00e9n\u00e9ral. Les cours de r\u00e9p\u00e9tition m\u2019ont toutefois d\u00e9\u00e7u; j\u2019ai alors rejoint le service civil, quitte \u00e0 allonger ma dur\u00e9e de service. Ce choix subs\u00e9quent en valait la peine: j\u2019ai pu m\u2019investir dans des r\u00e9alit\u00e9s sociales suisses que je n\u2019aurais probablement jamais c\u00f4toy\u00e9es de si pr\u00e8s autrement. <\/p><cite>Quentin (Adler), 26 ans, avocat stagiaire<\/cite><\/blockquote>\n\n<blockquote class=\"wp-block-quote is-layout-flow wp-block-quote-is-layout-flow\"><p>A force d\u2019entendre parler d\u2019\u00e9galit\u00e9, j\u2019ai d\u00e9cid\u00e9 de me lancer. Egalit\u00e9 de traitement&#8230; Egalit\u00e9 des droits&#8230; Egalit\u00e9 des devoirs? Pourquoi ne pas prendre les devants pour une fois. Je conviens qu\u2019il reste beaucoup \u00e0 faire dans ce domaine. Malgr\u00e9 ce fait (et cela bien qu\u2019\u00e9tant une militariste que peu convaincue), j\u2019ai n\u00e9anmoins \u00e9t\u00e9 heureuse de servir en tant que simple soldate) et de montrer qu\u2019une femme pouvait apporter quelque chose de plus \u00e0 une section. <\/p><cite>No\u00e9mie Roten, 25 ans, citoyenne et soldate<\/cite><\/blockquote>\n\n<blockquote class=\"wp-block-quote is-layout-flow wp-block-quote-is-layout-flow\"><p>N\u00e9 \u00e0 Gen\u00e8ve de parents \u00e9trangers, le service militaire me parut la suite naturelle de mon processus d\u2019int\u00e9gration. Recrue \u00e0 19 ans puis lieutenant l\u2019ann\u00e9e d\u2019apr\u00e8s, cette exp\u00e9rience me plongea physiquement et socialement au c\u0153ur de la Suisse, me faisant voyager et tisser des liens d\u2019amiti\u00e9s des deux c\u00f4t\u00e9s de la Sarine, des bords du lac de Neuch\u00e2tel jusqu\u2019au fin fond des vall\u00e9es grisonnes. En tant que jeunes officiers, un haut niveau de discipline physique, morale et intellectuel \u00e9tait attendu de nous. Ce fut autant une le\u00e7on d\u2019endurance et de leadership que d&#8217;humilit\u00e9, tout en me permettant d&#8217;appr\u00e9cier les avantages et les inconv\u00e9nients de notre syst\u00e8me actuel. Passant au-del\u00e0 des clivages sociaux-\u00e9conomiques, religieux et linguistiques, le service obligatoire fut une \u00e9cole de vie unique. Je dis volontiers y \u00eatre entr\u00e9 Genevois et ressorti Suisse. <\/p><cite>Alexander Sorton, 29 ans, \u00e9tudiant<\/cite><\/blockquote>\n\n<blockquote class=\"wp-block-quote is-layout-flow wp-block-quote-is-layout-flow\"><p>Maturit\u00e9 en poche, je m\u2019engage en 2005 \u00e0 servir mon pays. Enthousiaste et motiv\u00e9e, je me vois confront\u00e9e au regard des autres, celui de mes sup\u00e9rieurs, et ensuite de mes subordonn\u00e9s. Un d\u00e9fi personnel des plus enrichissants! Actuellement commandant rempla\u00e7ant de la compagnie d\u2019exploration 1\/1, j\u2019ai toujours un immense plaisir \u00e0 servir ma patrie plus d\u2019un mois par ann\u00e9e. L\u2019organisation de milice est ind\u00e9niablement un atout et permet de faire un travail pr\u00e9cis et efficace dans une excellente ambiance lors des cours de r\u00e9p\u00e9tition notamment. En outre, selon moi, l\u2019arm\u00e9e suisse, dans son \u00e9tat actuel, ouvre suffisamment de portes aux femmes. Le volontariat doit \u00eatre maintenu pour elles. <\/p><cite>Olivia de Weck, 28 ans, avocate<\/cite><\/blockquote>\n\n<blockquote class=\"wp-block-quote is-layout-flow wp-block-quote-is-layout-flow\"><p>Je suis entr\u00e9 \u00e0 l\u2019\u00e9cole de recrues directement apr\u00e8s avoir termin\u00e9 le gymnase, et le changement \u00e9tait radical. L\u2019\u00e9cole de recrues ne m\u2019a pas particuli\u00e8rement convaincu, mais j\u2019ai tout de m\u00eame choisi de prendre des responsabilit\u00e9s en suivant la formation d\u2019officier, un choix que je n\u2019ai jamais regrett\u00e9. \u00catre en charge d\u2019une section d\u2019une cinquantaine de soldats, \u00e0 19 ans, a \u00e9t\u00e9 une exp\u00e9rience incroyable et tr\u00e8s formatrice, puisque cela m\u2019a permis de d\u00e9velopper des comp\u00e9tences comme le leadership, la planification et la r\u00e9sistance au stress. Apr\u00e8s avoir d\u00e9couvert le syst\u00e8me des cours de r\u00e9p\u00e9tition, j\u2019ai choisi de m\u2019orienter vers la justice militaire, qui offre la possibilit\u00e9 de servir en faisant appel \u00e0 mes connaissances de juriste.<\/p><cite>Th\u00e9o Meylan, 24 ans, \u00e9tudiant<\/cite><\/blockquote>\n\n<blockquote class=\"wp-block-quote is-layout-flow wp-block-quote-is-layout-flow\"><p><p>Cet article est paru dans <a href=\"https:\/\/servicecitoyen.ch\/wp-content\/uploads\/2015\/08\/Lib-NE-Article-Service-citoyen-3.10.14.pdf\">Libert\u00e9s neuch\u00e2teloises<\/a> le 3 octobre 2014<\/p><\/p><\/blockquote>\n\n<figure class=\"wp-block-image\"><img decoding=\"async\" src=\"https:\/\/lh4.googleusercontent.com\/LfYOjZjZk1B0k1pjf8zdqF6GXYqJ5WYH-6vsi9bxAePxm0k_XeHPjjlLLxh8fCL5PmgAoe9pi6PFTf4biZQHy3GGe1ouMQmPOIEWHgfL538-wJo7LveCp2rkrBy4Ush-RV-Eg97rA6evGeC2Ig\" alt=\"\"\/><figcaption><p>Photo: VBS\/DDPS, <a href=\"https:\/\/creativecommons.org\/licenses\/by-nc-nd\/3.0\/ch\/legalcode.fr\">CC BY-NC-ND 3.0 CH<\/a><\/p><\/figcaption><\/figure>","protected":false},"excerpt":{"rendered":"<p>Afin de faire face aux nouveaux d\u00e9fis socio-\u00e9conomiques, pour redonner sens \u00e0 une obligation g\u00e9n\u00e9rale de servir et pour respecter l\u2019\u00e9galit\u00e9 des sexes, r\u00e9inventons la milice suisse. La solution: un service citoyen, obligatoire pour toute citoyenne et citoyen suisse, bas\u00e9 sur le libre choix, tout en maintenant pour l\u2019arm\u00e9e une s\u00e9curit\u00e9 quant \u00e0 ses effectifs. [&hellip;]<\/p>\n","protected":false},"author":1,"featured_media":40286,"comment_status":"closed","ping_status":"closed","sticky":false,"template":"","format":"standard","meta":{"_acf_changed":false,"_et_pb_use_builder":"off","_et_pb_old_content":"","_et_gb_content_width":"","content-type":"","om_disable_all_campaigns":false,"_monsterinsights_skip_tracking":false,"_monsterinsights_sitenote_active":false,"_monsterinsights_sitenote_note":"","_monsterinsights_sitenote_category":0,"_uf_show_specific_survey":0,"_uf_disable_surveys":false,"footnotes":""},"categories":[36],"tags":[],"class_list":["post-39909","post","type-post","status-publish","format-standard","has-post-thumbnail","hentry","category-news-de"],"acf":{"donation_amount":null,"signatures_amount":null,"kampagne_sticker":null,"kampagne_bogen":null,"kampagne_begeisterung":null,"events_table":null},"aioseo_notices":[],"_donation_amount":"","_signatures_amount":"","donation_amount":"","signatures_amount":"","_links":{"self":[{"href":"https:\/\/milizengagement.ch\/de\/wp-json\/wp\/v2\/posts\/39909","targetHints":{"allow":["GET"]}}],"collection":[{"href":"https:\/\/milizengagement.ch\/de\/wp-json\/wp\/v2\/posts"}],"about":[{"href":"https:\/\/milizengagement.ch\/de\/wp-json\/wp\/v2\/types\/post"}],"author":[{"embeddable":true,"href":"https:\/\/milizengagement.ch\/de\/wp-json\/wp\/v2\/users\/1"}],"replies":[{"embeddable":true,"href":"https:\/\/milizengagement.ch\/de\/wp-json\/wp\/v2\/comments?post=39909"}],"version-history":[{"count":4,"href":"https:\/\/milizengagement.ch\/de\/wp-json\/wp\/v2\/posts\/39909\/revisions"}],"predecessor-version":[{"id":47793,"href":"https:\/\/milizengagement.ch\/de\/wp-json\/wp\/v2\/posts\/39909\/revisions\/47793"}],"wp:featuredmedia":[{"embeddable":true,"href":"https:\/\/milizengagement.ch\/de\/wp-json\/wp\/v2\/media\/40286"}],"wp:attachment":[{"href":"https:\/\/milizengagement.ch\/de\/wp-json\/wp\/v2\/media?parent=39909"}],"wp:term":[{"taxonomy":"category","embeddable":true,"href":"https:\/\/milizengagement.ch\/de\/wp-json\/wp\/v2\/categories?post=39909"},{"taxonomy":"post_tag","embeddable":true,"href":"https:\/\/milizengagement.ch\/de\/wp-json\/wp\/v2\/tags?post=39909"}],"curies":[{"name":"wp","href":"https:\/\/api.w.org\/{rel}","templated":true}]}}