{"id":39914,"date":"2016-12-19T13:02:00","date_gmt":"2016-12-19T12:02:00","guid":{"rendered":"https:\/\/www.servicecitoyen.ch\/?p=39914"},"modified":"2022-08-17T19:26:53","modified_gmt":"2022-08-17T17:26:53","slug":"obligation-de-servir-de-laudace","status":"publish","type":"post","link":"https:\/\/milizengagement.ch\/de\/obligation-de-servir-de-laudace\/","title":{"rendered":"Pflicht zum Dienen: Seien Sie mutig!"},"content":{"rendered":"\n<blockquote class=\"wp-block-quote is-layout-flow wp-block-quote-is-layout-flow\"><p>Quentin Adler, Alexandre J\u00f6hl, No\u00e9mie Roten &#8211; 19 d\u00e9cembre 2016<\/p><\/blockquote>\n\n<p class=\"has-drop-cap\">L\u2019obligation de servir doit \u00eatre r\u00e9form\u00e9e en profondeur et devenir\u00a0un service \u00e0 la communaut\u00e9, civil ou militaire, obligatoire pour tous, hommes et femmes, plaident les animateurs de l\u2019Association pour la promotion du service citoyen.<\/p>\n\n<p>Feignasse, d\u00e9motiv\u00e9e et individualiste, la jeunesse suisse d\u2019aujourd\u2019hui? Les jeunes ne s\u2019engageraient plus? La g\u00e9n\u00e9ration Y (ou Z) aurait \u00abbeaucoup plus de peine que les anciennes g\u00e9n\u00e9rations \u00e0 se soumettre \u00e0 une organisation fortement hi\u00e9rarchis\u00e9e et \u00e0 s\u2019int\u00e9grer dans un environnement o\u00f9 r\u00e8gne la discipline\u00bb. C\u2019est du moins ce que pr\u00e9tendent les auteurs du rapport du groupe de travail consacr\u00e9 au syst\u00e8me de l\u2019obligation de servir qui a \u00e9t\u00e9 remis au Conseil f\u00e9d\u00e9ral en mars 2016.<\/p>\n\n<p>Proposant quatre mod\u00e8les alternatifs d\u2019obligation de servir, ce groupe d\u2019experts, largement compos\u00e9 de v\u00e9t\u00e9rans des couloirs f\u00e9d\u00e9raux, s\u2019est surtout focalis\u00e9 sur une probl\u00e9matique trop \u00e9troite: comment garantir les effectifs de l\u2019arm\u00e9e dans les ann\u00e9es \u00e0 venir.<\/p>\n\n<h3 class=\"wp-block-heading\">Pas de d\u00e9bat de fond<\/h3>\n\n<p>La commission du Conseil national qui s\u2019est empar\u00e9e du dossier a, quant \u00e0 elle, d\u2019ores et d\u00e9j\u00e0 \u00e9cart\u00e9 tout d\u00e9bat de fond au sujet de l\u2019actualisation de l\u2019obligation de servir: elle n\u2019entre pas en mati\u00e8re sur deux des quatre options de r\u00e9formes propos\u00e9es \u2013 les plus int\u00e9ressantes pourtant \u2013 \u00e0 savoir le mod\u00e8le norv\u00e9gien et le mod\u00e8le d\u2019un service g\u00e9n\u00e9ralis\u00e9. On en vient donc \u00e0 r\u00e9duire encore davantage la substance d\u2019un rapport d\u2019experts d\u00e9j\u00e0 confin\u00e9. Vive la technocratie.<\/p>\n\n<p>De quoi les conseillers de notre\u00a0<em>Willensnation<\/em>\u00a0auront-ils encore \u00e0 d\u00e9battre? De solutions \u00e0 l\u2019emporte-pi\u00e8ce, de la barbe \u00e0 papa. Leurs suggestions? Inviter les femmes lors de la journ\u00e9e d\u2019information, \u00e9dulcorer le service militaire en offrant quelques douceurs ou encore rendre le service civil moins attractif.<\/p>\n\n<h3 class=\"wp-block-heading\">Ni paresseuse ni inactive<\/h3>\n\n<p>Si les nouvelles g\u00e9n\u00e9rations semblent avoir \u00abplus de peine que les anciennes [\u2026] \u00e0 s\u2019int\u00e9grer dans un environnement o\u00f9 r\u00e8gne la discipline\u00bb, ce pourrait \u00eatre, comme l\u2019expliquait la philosophe genevoise Jeanne Hersch, que \u00ab[\u2026] les rites de la discipline ne peuvent s\u2019imposer [\u00e0 des hommes civilis\u00e9s] que par leur sens et leur finalit\u00e9\u00bb. De fait, si les jeunes ne per\u00e7oivent plus le sens et la finalit\u00e9 de ce qu\u2019ils font, ils ne s\u2019y engagent plus.<\/p>\n\n<p>La jeunesse est loin d\u2019\u00eatre paresseuse et inactive. Il suffit d\u2019observer la quantit\u00e9 et la qualit\u00e9 de contenus travaill\u00e9s, mis librement \u00e0 la disposition de tous sur la toile: les jeunes produisent \u00e9norm\u00e9ment et partagent beaucoup, d\u00e8s qu\u2019ils per\u00e7oivent du sens \u00e0 leur activit\u00e9.<\/p>\n\n<h3 class=\"wp-block-heading\">Nouveau souffle<\/h3>\n\n<p>Le v\u00e9ritable probl\u00e8me aujourd\u2019hui, c\u2019est que l\u2019obligation de servir ne s\u2019inscrit plus dans une vision en phase avec notre temps et les besoins des membres de notre soci\u00e9t\u00e9. Il faudrait insuffler un nouveau souffle \u00e0 l\u2019obligation de servir, et non proc\u00e9der \u00e0 quelques retouches cosm\u00e9tiques.<\/p>\n\n<p>Pour ce faire, il faut revaloriser le principe de milice (<em>Milizprinzip<\/em>) qui constitue un socle fondamental sur lequel repose le mod\u00e8le helv\u00e9tique et permet d\u2019agir avec \u00e9lan en faveur de notre souverainet\u00e9 et du bien commun.<\/p>\n\n<p>En tant que citoyens, nous voudrions que la politique s\u2019affranchisse de temps en temps du management et tende vers l\u2019entrepreneurship. Des prises de risques; des paris sur l\u2019avenir, car celui-ci est s\u00e9rieux.<\/p>\n\n<h3 class=\"wp-block-heading\">Aller plus loin<\/h3>\n\n<p>Il faut \u00e9videmment que notre arm\u00e9e reste op\u00e9rationnelle pour garantir nos libert\u00e9s face aux catastrophes et aux crises qui surviendront. Mais il faut aller plus loin que l\u2019imp\u00e9ratif de la d\u00e9fense nationale: \u00e0 chaque membre de notre soci\u00e9t\u00e9 incombe la charge de participer \u00e0 la bonne ex\u00e9cution des affaires publiques.<\/p>\n\n<p>La milice est au c\u0153ur du syst\u00e8me de gouvernance suisse; c\u2019est l\u2019autogestion, un rem\u00e8de efficace contre la technocratie et la fonctionnarisation. Nous confions d\u00e9j\u00e0 aux hommes de nos terres la pr\u00e9servation de notre souverainet\u00e9 nationale. Pourquoi d\u00e8s lors ne pas confier aux citoyens de notre pays, en sus de cet int\u00e9r\u00eat imp\u00e9ratif, d\u2019autres t\u00e2ches collectives exigeantes, comme par exemple l\u2019aide aux personnes, le soutien agricole ou l\u2019administration publique?<\/p>\n\n<h3 class=\"wp-block-heading\">Service obligatoire pour les hommes comme pour les femmes<\/h3>\n\n<p>Dans cette optique, pour r\u00e9g\u00e9n\u00e9rer l\u2019esprit de milice, commen\u00e7ons par redessiner l\u2019obligation de servir, en instaurant au niveau constitutionnel un service citoyen au travers duquel tout citoyen \u2013 femme ou homme \u2013 serait responsable du bien commun. Les t\u00e2ches seraient diversifi\u00e9es et red\u00e9finies en fonction des nouveaux besoins populaires, \u00e9mergeant par exemple de l\u2019\u00e9volution d\u00e9mographique, technologique ou des changements climatiques; la s\u00e9curit\u00e9 nationale s\u2019en trouverait am\u00e9lior\u00e9e et la fonctionnarisation diminu\u00e9e.<\/p>\n\n<p>\u00abUn pour tous, tous pour un\u00bb; ainsi va la devise conf\u00e9d\u00e9rale. Alors, concitoyens, il nous revient de retrousser les manches et de lacer nos souliers au service de nos communaut\u00e9s; par esprit de solidarit\u00e9 active, sans interm\u00e9diaire d\u2019argent.<\/p>\n\n<p>Et si la question n\u2019int\u00e9resse pas nos responsables politiques, tant pis; nous compterons sur l\u2019activisme citoyen, soit le n\u00f4tre, pour red\u00e9finir intelligemment notre obligation de servir.<\/p>\n\n<blockquote class=\"wp-block-quote is-layout-flow wp-block-quote-is-layout-flow\"><p><p>Cet article est paru dans\u00a0<a href=\"https:\/\/www.letemps.ch\/opinions\/obligation-servir-laudace\">le Temps<\/a>, le 19 d\u00e9cembre 2016<\/p><\/p><\/blockquote>\n","protected":false},"excerpt":{"rendered":"<p>Quentin Adler, Alexandre J\u00f6hl, No\u00e9mie Roten &#8211; 19 d\u00e9cembre 2016 L\u2019obligation de servir doit \u00eatre r\u00e9form\u00e9e en profondeur et devenir\u00a0un service \u00e0 la communaut\u00e9, civil ou militaire, obligatoire pour tous, hommes et femmes, plaident les animateurs de l\u2019Association pour la promotion du service citoyen. Feignasse, d\u00e9motiv\u00e9e et individualiste, la jeunesse suisse d\u2019aujourd\u2019hui? Les jeunes ne [&hellip;]<\/p>\n","protected":false},"author":1,"featured_media":40300,"comment_status":"closed","ping_status":"closed","sticky":false,"template":"","format":"standard","meta":{"_acf_changed":false,"_et_pb_use_builder":"off","_et_pb_old_content":"","_et_gb_content_width":"","content-type":"","om_disable_all_campaigns":false,"_monsterinsights_skip_tracking":false,"_monsterinsights_sitenote_active":false,"_monsterinsights_sitenote_note":"","_monsterinsights_sitenote_category":0,"_uf_show_specific_survey":0,"_uf_disable_surveys":false,"footnotes":""},"categories":[36],"tags":[],"class_list":["post-39914","post","type-post","status-publish","format-standard","has-post-thumbnail","hentry","category-news-de"],"acf":{"donation_amount":null,"signatures_amount":null,"kampagne_sticker":null,"kampagne_bogen":null,"kampagne_begeisterung":null,"events_table":null},"aioseo_notices":[],"_donation_amount":"","_signatures_amount":"","donation_amount":"","signatures_amount":"","_links":{"self":[{"href":"https:\/\/milizengagement.ch\/de\/wp-json\/wp\/v2\/posts\/39914","targetHints":{"allow":["GET"]}}],"collection":[{"href":"https:\/\/milizengagement.ch\/de\/wp-json\/wp\/v2\/posts"}],"about":[{"href":"https:\/\/milizengagement.ch\/de\/wp-json\/wp\/v2\/types\/post"}],"author":[{"embeddable":true,"href":"https:\/\/milizengagement.ch\/de\/wp-json\/wp\/v2\/users\/1"}],"replies":[{"embeddable":true,"href":"https:\/\/milizengagement.ch\/de\/wp-json\/wp\/v2\/comments?post=39914"}],"version-history":[{"count":4,"href":"https:\/\/milizengagement.ch\/de\/wp-json\/wp\/v2\/posts\/39914\/revisions"}],"predecessor-version":[{"id":47792,"href":"https:\/\/milizengagement.ch\/de\/wp-json\/wp\/v2\/posts\/39914\/revisions\/47792"}],"wp:featuredmedia":[{"embeddable":true,"href":"https:\/\/milizengagement.ch\/de\/wp-json\/wp\/v2\/media\/40300"}],"wp:attachment":[{"href":"https:\/\/milizengagement.ch\/de\/wp-json\/wp\/v2\/media?parent=39914"}],"wp:term":[{"taxonomy":"category","embeddable":true,"href":"https:\/\/milizengagement.ch\/de\/wp-json\/wp\/v2\/categories?post=39914"},{"taxonomy":"post_tag","embeddable":true,"href":"https:\/\/milizengagement.ch\/de\/wp-json\/wp\/v2\/tags?post=39914"}],"curies":[{"name":"wp","href":"https:\/\/api.w.org\/{rel}","templated":true}]}}