{"id":39955,"date":"2018-04-10T13:13:00","date_gmt":"2018-04-10T11:13:00","guid":{"rendered":"https:\/\/www.servicecitoyen.ch\/?p=39955"},"modified":"2022-08-17T19:26:29","modified_gmt":"2022-08-17T17:26:29","slug":"noemie-roten-la-justice-militaire-au-feminin","status":"publish","type":"post","link":"https:\/\/milizengagement.ch\/de\/noemie-roten-la-justice-militaire-au-feminin\/","title":{"rendered":"No\u00e9mie Roten, weibliche Milit\u00e4rjustiz"},"content":{"rendered":"\n<p class=\"has-drop-cap\">Apr\u00e8s dix ans de service, la jeune femme va officier en tant que juge suppl\u00e9ante dans l\u2019arm\u00e9e. Elle fait partie des quatorze femmes qui ont \u00e9t\u00e9 r\u00e9cemment nomm\u00e9es par le Conseil f\u00e9d\u00e9ral.<\/p>\n\n<p>Conduire des poids lourds \u00e0 18\u00a0ans en sillonnant le pays. Mais surtout bousculer les normes et les clich\u00e9s. C\u2019est ce qui a pouss\u00e9 No\u00e9mie Roten \u00e0 s\u2019engager dans l\u2019arm\u00e9e suisse \u00e0 l\u2019\u00e9t\u00e9 2008. \u00abJe voulais faire une ann\u00e9e sabbatique, mais aussi relever un d\u00e9fi physiquement et psychiquement exigeant, avant de passer ma vie derri\u00e8re un \u00e9cran d\u2019ordinateur, dit-elle.\u00a0Lors de mon \u00e9cole de recrues \u00e0 Dr\u00f4gnens, j\u2019\u00e9tais la seule femme de la compagnie. J\u2019ai d\u00fb apprendre \u00e0 m\u2019imposer pour ne pas faire l\u2019objet de traitements de faveur. Sinon, cela rend les rapports difficiles avec le reste de la troupe.\u00bb\u00a0<\/p>\n\n<p>Originaire du Valais par son p\u00e8re et de Gen\u00e8ve par sa m\u00e8re, elle est la petite-fille d\u2019un lieutenant-colonel mobilis\u00e9 durant la Seconde Guerre mondiale. Aujourd\u2019hui, elle partage sa vie avec un officier d\u2019\u00e9tat-major g\u00e9n\u00e9ral et il y a aussi des raisons pratiques \u00e0 son engagement: \u00abJe voulais avoir mon mot \u00e0 dire lors des conversations en famille et entre amis. L\u2019arm\u00e9e est une th\u00e9matique omnipr\u00e9sente au bistrot et en politique. Si tu ne connais pas l\u2019institution de l\u2019int\u00e9rieur, on te fait bien comprendre que tu n\u2019as pas la l\u00e9gitimit\u00e9 requise pour t\u2019exprimer \u00e0 ce sujet, et encore plus lorsque tu es une femme.\u00bb Pour No\u00e9mie, c\u2019est clair, militer pour l\u2019\u00e9galit\u00e9 passe avant tout par des actes: \u00abJ\u2019essaie de mettre en pratique cette vision au quotidien. Si les hommes sont astreints \u00e0 un service, je me suis dit, pourquoi pas moi?\u00bb<\/p>\n\n<h3 class=\"wp-block-heading\">Toujours plus de femmes \u00e0 l\u2019arm\u00e9e\u00a0<\/h3>\n\n<p>Aujourd\u2019hui, 1152\u00a0femmes sont incorpor\u00e9es volontairement dans l\u2019arm\u00e9e suisse, un chiffre en hausse depuis l\u2019\u00e9poque o\u00f9 No\u00e9mie s\u2019y est engag\u00e9e. Une promotion de la gent f\u00e9minine que l\u2019arm\u00e9e revendique. \u00abLes femmes apportent une autre fa\u00e7on de penser et de raisonner\u00bb, souligne son porte-parole Daniel Reist. En f\u00e9vrier dernier, quatorze\u00a0femmes ont \u00e9t\u00e9 nomm\u00e9es par le Conseil f\u00e9d\u00e9ral dans les tribunaux militaires, ce qui a permis de doubler leur nombre.\u00a0<\/p>\n\n<p>C\u2019est dans ce contexte que No\u00e9mie a re\u00e7u, l\u2019\u00e9t\u00e9 pass\u00e9, une lettre l\u2019invitant \u00e0 s\u2019engager au profit de la justice militaire. \u00abAvant cette missive, je n\u2019\u00e9tais m\u00eame pas consciente du fait qu\u2019on pouvait servir comme juge suppl\u00e9ant en tant que simple soldat et non-juriste\u00bb, observe-t-elle. Apr\u00e8s une p\u00e9riode d\u2019h\u00e9sitation, le go\u00fbt de l\u2019aventure l\u2019emporte \u00e0 nouveau. \u00abApr\u00e8s une exp\u00e9rience parfois difficile au sein de l\u2019arm\u00e9e, un tel service me donnera peut-\u00eatre une autre perspective sur cette institution. J\u2019ai parl\u00e9 avec un ami, lui-m\u00eame juge suppl\u00e9ant. Sa description de l\u2019imm\u00e9diatet\u00e9 de la justice, le fait de devoir s\u2019occuper de situations humaines parfois compliqu\u00e9es m\u2019ont s\u00e9duite.\u00bb Une fois encore, l\u2019histoire familiale influence son choix: l\u2019oncle de No\u00e9mie est juge, sa m\u00e8re juriste, son fr\u00e8re et son p\u00e8re avocats.\u00a0<\/p>\n\n<h3 class=\"wp-block-heading\">Pour un service citoyen universel <\/h3>\n\n<p>Si la gestion des cours de r\u00e9p\u00e9tition lui complique parfois la vie, la jeune femme a trouv\u00e9 un employeur plut\u00f4t compr\u00e9hensif. En tant que collaboratrice scientifique du think tank zurichois Avenir Suisse, et aussi en tant que vice-pr\u00e9sidente de l\u2019association Servicecitoyen.ch, elle a beaucoup promu l\u2019id\u00e9e d\u2019un service universel en remplacement de l\u2019actuelle obligation de servir: \u00abComme membres d\u2019une collectivit\u00e9, nous avons tous des droits et des devoirs. Un service citoyen universel aurait le m\u00e9rite de redonner un souffle \u00e0 l\u2019esprit de milice, aujourd\u2019hui sur le d\u00e9clin.\u00bb\u00a0<\/p>\n\n<p>D\u00e9cid\u00e9e \u00e0 ne pas passer pour une militariste pur jus, No\u00e9mie d\u00e9fend n\u00e9anmoins l\u2019institution: \u00abL\u2019image de l\u2019arm\u00e9e m\u00e9riterait d\u2019\u00eatre revaloris\u00e9e. Elle offre des possibilit\u00e9s d\u2019\u00e9changes au sein de la population qui n\u2019existent quasiment pas dans la soci\u00e9t\u00e9 civile.\u00bb A la liste des r\u00e9gions parcourues, elle ajoute celle des diff\u00e9rentes professions rencontr\u00e9es. \u00abJ\u2019ai d\u00e9couvert des gens de tous les horizons, \u00e9tudiants, charpentiers, ing\u00e9nieurs, b\u00fbcherons\u2026\u00bb Gr\u00e2ce \u00e0 son exp\u00e9rience militaire, No\u00e9mie dit avoir acquis \u00abune capacit\u00e9 \u00e0 m\u2019affirmer dans les cercles les plus masculins de la soci\u00e9t\u00e9, l\u00e0 o\u00f9 d\u2019autres sont plus dans la retenue. Malheureusement, dans le domaine de la recherche, les femmes sont encore sous-repr\u00e9sent\u00e9es.\u00bb\u00a0<\/p>\n\n<blockquote class=\"wp-block-quote is-layout-flow wp-block-quote-is-layout-flow\"><p>Antoine Harari<\/p><cite><p>Ce portrait est paru dans\u00a0<a href=\"https:\/\/www.letemps.ch\/suisse\/noemie-roten-justice-militaire-feminin\">Le Temps<\/a>, le 10 avril 2018<\/p><\/cite><\/blockquote>\n","protected":false},"excerpt":{"rendered":"<p>Apr\u00e8s dix ans de service, la jeune femme va officier en tant que juge suppl\u00e9ante dans l\u2019arm\u00e9e. Elle fait partie des quatorze femmes qui ont \u00e9t\u00e9 r\u00e9cemment nomm\u00e9es par le Conseil f\u00e9d\u00e9ral. Conduire des poids lourds \u00e0 18\u00a0ans en sillonnant le pays. Mais surtout bousculer les normes et les clich\u00e9s. C\u2019est ce qui a pouss\u00e9 [&hellip;]<\/p>\n","protected":false},"author":2,"featured_media":0,"comment_status":"closed","ping_status":"closed","sticky":false,"template":"","format":"standard","meta":{"_acf_changed":false,"_et_pb_use_builder":"off","_et_pb_old_content":"","_et_gb_content_width":"","content-type":"","om_disable_all_campaigns":false,"_monsterinsights_skip_tracking":false,"_monsterinsights_sitenote_active":false,"_monsterinsights_sitenote_note":"","_monsterinsights_sitenote_category":0,"_uf_show_specific_survey":0,"_uf_disable_surveys":false,"footnotes":""},"categories":[36],"tags":[],"class_list":["post-39955","post","type-post","status-publish","format-standard","hentry","category-news-de"],"acf":{"donation_amount":null,"signatures_amount":null,"kampagne_sticker":null,"kampagne_bogen":null,"kampagne_begeisterung":null,"events_table":null},"aioseo_notices":[],"_donation_amount":"","_signatures_amount":"","donation_amount":"","signatures_amount":"","_links":{"self":[{"href":"https:\/\/milizengagement.ch\/de\/wp-json\/wp\/v2\/posts\/39955","targetHints":{"allow":["GET"]}}],"collection":[{"href":"https:\/\/milizengagement.ch\/de\/wp-json\/wp\/v2\/posts"}],"about":[{"href":"https:\/\/milizengagement.ch\/de\/wp-json\/wp\/v2\/types\/post"}],"author":[{"embeddable":true,"href":"https:\/\/milizengagement.ch\/de\/wp-json\/wp\/v2\/users\/2"}],"replies":[{"embeddable":true,"href":"https:\/\/milizengagement.ch\/de\/wp-json\/wp\/v2\/comments?post=39955"}],"version-history":[{"count":5,"href":"https:\/\/milizengagement.ch\/de\/wp-json\/wp\/v2\/posts\/39955\/revisions"}],"predecessor-version":[{"id":47809,"href":"https:\/\/milizengagement.ch\/de\/wp-json\/wp\/v2\/posts\/39955\/revisions\/47809"}],"wp:attachment":[{"href":"https:\/\/milizengagement.ch\/de\/wp-json\/wp\/v2\/media?parent=39955"}],"wp:term":[{"taxonomy":"category","embeddable":true,"href":"https:\/\/milizengagement.ch\/de\/wp-json\/wp\/v2\/categories?post=39955"},{"taxonomy":"post_tag","embeddable":true,"href":"https:\/\/milizengagement.ch\/de\/wp-json\/wp\/v2\/tags?post=39955"}],"curies":[{"name":"wp","href":"https:\/\/api.w.org\/{rel}","templated":true}]}}