{"id":40013,"date":"2019-12-01T13:32:00","date_gmt":"2019-12-01T12:32:00","guid":{"rendered":"https:\/\/www.servicecitoyen.ch\/?p=40013"},"modified":"2022-08-17T19:26:25","modified_gmt":"2022-08-17T17:26:25","slug":"sortons-de-ce-debat-sterile","status":"publish","type":"post","link":"https:\/\/milizengagement.ch\/de\/sortons-de-ce-debat-sterile\/","title":{"rendered":"\u00abWeg von dieser Leerlauf-Debatte!\u00bb"},"content":{"rendered":"\n<h3 class=\"wp-block-heading\">Interview de No\u00e9mie Roten par Gregor Szyndler, r\u00e9dacteur en chef \u00abLe Monde Civil\u00bb<\/h3>\n\n<blockquote class=\"wp-block-quote is-layout-flow wp-block-quote-is-layout-flow\"><p>D\u00e9cembre 2019<\/p><\/blockquote>\n\n<p>L\u2019association ServiceCitoyen.ch veut r\u00e9inventer le syst\u00e8me de l\u2019obligation de servir. Sa co-pr\u00e9sidente, No\u00e9mie Roten, discute avec Gregor Szyndler de l\u2019engagement des citoyennes et citoyens, ainsi que de l\u2019esprit de milice et des avantages d\u2019am\u00e9liorer le syst\u00e8me de conscription.<\/p>\n\n<p><p><strong>Si vous deviez promouvoir le Service Citoyen en cinq phrases, que diriez-vous?<\/strong><\/p><\/p>\n\n<p>Il en va de l\u2019engagement citoyen dans l\u2019\u00c9tat. Nous voulons revitaliser l\u2019esprit de la milice. Avec le service citoyen, la Suisse passe d\u2019une obligation de servir militaire et exclusivement masculine \u00e0 un engagement de milice pour tous. L\u2019\u00c9tat, c\u2019est nous \u2013 nous sommes une communaut\u00e9 de citoyens qui nous engageons et qui nous impliquons dans notre soci\u00e9t\u00e9. lI s\u2019agit d\u2019inclure les femmes et, possiblement, les \u00e9trangers.<\/p>\n\n<p><p><strong>Pourquoi y a-t-il besoin d\u2019un Service Citoyen?<\/strong><\/p><\/p>\n\n<p>L\u2019esprit de milice est une caract\u00e9ristique essentielle du g\u00e9nie politique suisse mais il s\u2019essouffle. Cette culture de la participation directe doit \u00eatre pr\u00e9serv\u00e9e et raviv\u00e9e. Le Service Citoyen s\u2019inscrit pleinement dans la tradition suisse et contribue \u00e0 (re-)valoriser l\u2019engagement civique.<\/p>\n\n<p><p><strong>Pourquoi plus d\u2019obligations et de contrainte?<\/strong><\/p><\/p>\n\n<p>Je ne vois pas cela comme plus d\u2019obligations ou de contrainte. Il s\u2019agit d\u2019un engagement de principe pour tous, mais avec une grande libert\u00e9 de choix dans la forme de l\u2019engagement. Aujourd\u2019hui, les exigences du march\u00e9 du travail sont souvent si \u00e9lev\u00e9es que de nombreuses personnes qui aimeraient s\u2019engager ne le peuvent pas. Il s\u2019agit de leur offrir un espace prot\u00e9g\u00e9 pour permettre cet engagement altruiste. Et pour ceux qui s\u2019engagent d\u00e9j\u00e0, le Service Citoyen leur offre une meilleure reconnaissance. Les femmes ne sont pas des citoyennes de seconde zone \u2013 [h\u00e9site] Mot-cl\u00e9: \u00abtravail b\u00e9n\u00e9vole non r\u00e9mun\u00e9r\u00e9\u00bb\u2026<\/p>\n\n<p><p><strong>Pourquoi h\u00e9sitez-vous sur ce mot?<\/strong><\/p><\/p>\n\n<p>Parce que \u00e7a me d\u00e9range! C\u2019est un oxymore: \u00abtravail b\u00e9n\u00e9vole non r\u00e9mun\u00e9r\u00e9\u00bb! Soit c\u2019est du travail, alors il faut le r\u00e9mun\u00e9rer. Soit c\u2019est du b\u00e9n\u00e9volat \u2013 alors ce n\u2019est pas du \u00abtravail\u00bb \u00e0 proprement parler. Ce travail, qui est une \u00e9norme plus-value pour la soci\u00e9t\u00e9, n\u2019est pas r\u00e9mun\u00e9r\u00e9 et donc souvent pas suffisamment reconnu parce que c\u2019est comme s\u2019il n\u2019avait pas de \u00abvaleur\u00bb. Il devrait pourtant \u00eatre reconnu \u00e0 sa juste valeur comme un engagement, principalement des femmes, en faveur de la collectivit\u00e9. Si m\u00eame une fraction de cet engagement d\u00e9j\u00e0 existant \u00e9tait institutionalis\u00e9 dans le cadre d\u2019un Service Citoyen, ce travail recevrait la reconnaissance qu\u2019il m\u00e9rite.<\/p>\n\n<p><p><strong>Mais votre proposition ne se fait-elle pas au d\u00e9triment des b\u00e9n\u00e9voles volontaires \u2013 si dans un parlement municipal certains \u00e9taient l\u00e0 dans le cadre du Service Citoyen et d\u2019autres non?<\/strong><\/p><\/p>\n\n<p>On me demande souvent si le Service Citoyen fait concurrence au b\u00e9n\u00e9volat. Certaines \u00e9tudes montrent que les gens sont plus enclins \u00e0 s\u2019engager b\u00e9n\u00e9volement s\u2019ils ont d\u00e9j\u00e0 \u00e9t\u00e9 sensibilis\u00e9s dans le cadre d\u2019un autre engagement altruiste, comme le service civil. Le Service Citoyen vise \u00e0 consolider une culture de l\u2019engagement et \u00e0 renforcer la solidarit\u00e9 active.<\/p>\n\n<p><p><strong>Quels sont les avantages de votre proposition?<\/strong><\/p><\/p>\n\n<p>L\u2019esprit de milice se verrait renforc\u00e9. L\u2019engagement de chacune et chacun envers et au sein de la soci\u00e9t\u00e9 serait mieux reconnu. La coh\u00e9sion et la solidarit\u00e9 en Suisse, y compris entre les classes sociales, se verraient renforc\u00e9es: un renouveau du sentiment d\u2019appartenance. Les citoyennes et citoyens se r\u00e9approprieraient l\u2019\u00c9tat; les ressources n\u00e9cessaires seraient mobilis\u00e9es pour faire face aux d\u00e9fis d\u00e9mographiques et \u00e9cologiques. L\u2019int\u00e9gration des femmes leur ouvrirait la voie pour devenir des concitoyennes \u00e0 part enti\u00e8re; tout \u00e9tranger aurait, cas \u00e9ch\u00e9ant, une meilleure chance de s\u2019int\u00e9grer.<\/p>\n\n<p><p><strong>Quelles impulsions le Service Citoyen pourrait-il donner au d\u00e9bat autour du syst\u00e8me de l\u2019obligation de servir, de la milice et du principe d\u2019\u00e9galit\u00e9?<\/strong><\/p><\/p>\n\n<p>Je n\u2019ai pas besoin d\u2019expliquer \u00e0 CIVIVA combien de personnes jouent \u00e0 opposer service militaire contre service civil. Je m\u2019occupe de telles questions depuis des ann\u00e9es et je trouve que le d\u00e9bat fait fausse route. En fin de compte, tous deux servent la collectivit\u00e9. Les gens peuvent \u00eatre motiv\u00e9s pour une chose ou une autre. Nous voulons une discussion sur l\u2019engagement commun. Nous ne voulons ni affaiblir l\u2019arm\u00e9e, ni le service civil. Notre objectif est de valoriser le fait de s\u2019engager de mani\u00e8re g\u00e9n\u00e9rale. Un engagement est un engagement, qu\u2019il soit civiliste, militaire ou volontaire.<\/p>\n\n<p><p><strong>Quelle est la position de ServiceCitoyen.ch sur le durcissement de l\u2019acc\u00e8s au service civil?<\/strong><\/p><\/p>\n\n<p>Nous avons particip\u00e9 \u00e0 la proc\u00e9dure de consultation et exprim\u00e9 nos regrets face aux vell\u00e9it\u00e9s d\u2019affaiblissement de l\u2019engagement civiliste. Il ne s\u2019agit pas seulement du service civil, de l\u2019arm\u00e9e et de la protection civile \u2013 il s\u2019agit d\u2019un engagement qui profite \u00e0 la soci\u00e9t\u00e9 dans son ensemble. C\u2019est pourquoi nous voulons que chacune et chacun rende service \u00e0 la collectivit\u00e9 et \u00e0 l\u2019environnement.<\/p>\n\n<p><p><strong>Mais comment voyez-vous le durcissement du passage du service militaire au service civil?<\/strong><\/p><\/p>\n\n<p>Ce que nous pouvons comprendre, c\u2019est qu\u2019il faille \u00e9viter qu\u2019un trop grand nombre de personnes ne passent au service civil apr\u00e8s une formation r\u00e9ussie \u00e0 l\u2019\u00e9cole de recrues ou apr\u00e8s l\u2019affectation consolid\u00e9e dans les unit\u00e9s de l\u2019arm\u00e9e.<\/p>\n\n<p><p><strong>Mais vous \u00eates d\u00e9j\u00e0 puni pour \u00e7a aujourd\u2019hui \u2013 avec plus de jours qu\u2019on doit faire dans le service civil!<\/strong><\/p><\/p>\n\n<p>Les demandes pour entrer au service civil une fois l\u2019ER accomplie sont probl\u00e9matiques pour la planification de l\u2019arm\u00e9e et mettent en danger l\u2019organisation s\u00e9curitaire de notre pays. L\u2019arm\u00e9e a investi dans la formation et l\u2019\u00e9quipement de ces gens: elle compte sur eux. Nous sommes favorables \u00e0 l\u2019id\u00e9e de donner plus de choix aux gens d\u00e8s le d\u00e9part afin qu\u2019ils puissent s\u2019impliquer selon leurs pr\u00e9f\u00e9rences. Cela permet d\u2019\u00e9viter la bureaucratie inutile et l\u2019ins\u00e9curit\u00e9 dans la planification.<\/p>\n\n<p><p><strong>Et comment cela fonctionnerait-il?<\/strong><\/p><\/p>\n\n<p>Les gens doivent r\u00e9fl\u00e9chir soigneusement aux domaines dans lesquels ils veulent s\u2019engager. Apr\u00e8s une d\u00e9cision, ils devraient en principe s\u2019y tenir.<\/p>\n\n<p><p><strong>Vous parlez de libert\u00e9 de choix et vous voulez garantir l\u2019existence de l\u2019arm\u00e9e. Toutefois, si 100% d\u2019une cohorte se prononce en faveur d\u2019un service civil, cela ne sera possible qu\u2019avec la coercition de l\u2019\u00c9tat.<\/strong><\/p><\/p>\n\n<p>Je suis convaincue que cela ne sera pas le cas. Personnellement, je trouve l\u2019arm\u00e9e tr\u00e8s attirante; j\u2019ai trouv\u00e9 plus attrayant de conduire des camions en tant que soldat que de travailler dans une maison de retraite. Je ne comprends pas le d\u00e9bat sur l\u2019attractivit\u00e9 de l\u2019arm\u00e9e, parce que je pense que, si elle faisait un petit effort, l\u2019arm\u00e9e pourrait montrer qu\u2019elle a des choses uniques \u00e0 offrir. Le sport et les performances mentales sont par exemple un v\u00e9ritable atout dans la vie quotidienne, y compris professionnelle.<\/p>\n\n<p><p><strong>Pourquoi le syst\u00e8me de milice est-il si cher \u00e0 votre c\u0153ur?<\/strong><\/p><\/p>\n\n<p>Je pense que le lien entre le citoyen et l\u2019\u00c9tat est quelque chose de pr\u00e9cieux. Cela permet aux citoyens d\u2019exercer un contr\u00f4le sur l\u2019\u00c9tat. L\u2019\u00c9tat reste ainsi plus confin\u00e9 et sous le contr\u00f4le de ses citoyens, et les motivations de s\u2019engager sont diff\u00e9rentes de celles des professionnels; des miliciens sont aussi probablement moins chers que des bureaucrates pour certaines t\u00e2ches. Le syst\u00e8me de milice permet un m\u00e9lange social et r\u00e9gional, n\u00e9cessaire \u00e0 la coh\u00e9sion. Il contribue \u00e0 la stabilit\u00e9 des institutions d\u00e9mocratiques. Le syst\u00e8me de milice \u00e9vite d\u2019ali\u00e9ner les citoyens de la politique et des affaires publiques. Avec la milice, chacune et chacun a la possibilit\u00e9 d\u2019avoir un pied dans l\u2019Etat.<\/p>\n\n<p><p><strong>Quels d\u00e9fis collectifs peut relever le Service Citoyen?<\/strong><\/p><\/p>\n\n<p>Dans le secteur des soins et de l\u2019environnement, en particulier. Si nous ne nous y attaquons pas rapidement, nous aurons d\u2019\u00e9normes probl\u00e8mes et le Service Citoyen offre exactement des moyens et ressources pour relever ces d\u00e9fis.<\/p>\n\n<p><p><strong>Mais on entend les opposants au service civil crier: \u00abVous allez vous promener toute la journ\u00e9e avec des malades atteints de d\u00e9mence et cueillir des fleurs dans la r\u00e9serve naturelle!\u00bb<\/strong><\/p><\/p>\n\n<p>Quiconque pr\u00e9tend que les soins aux patients atteints de d\u00e9mence sont une promenade de sant\u00e9 ne s\u2019est jamais pr\u00e9occup\u00e9 d\u2019un patient atteint de d\u00e9mence auparavant. Cela draine beaucoup d\u2019\u00e9nergie. C\u2019est un travail \u00e9reintant et essentiel pour la s\u00e9curit\u00e9 et la stabilit\u00e9. En tout \u00e9tat, d\u00e8s lors que le service civil est d\u00e9coupl\u00e9 du service militaire, il pourra s\u2019organiser de mani\u00e8re autonome et optimale pour atteindre ses propres objectifs. Je pense qu\u2019un Service Citoyen serait b\u00e9n\u00e9fique aux t\u00e2ches d\u2019int\u00e9r\u00eat public. Bien s\u00fbr, vous pouvez critiquer la garantie des effectifs militaires\u2026\u00a0<\/p>\n\n<p><p><strong>\u2026\u00e7a tape vraiment \u00e0 l\u2019\u0153il!<\/strong><\/p><\/p>\n\n<p>Mais aujourd\u2019hui, le service civil n\u2019est qu\u2019un service de remplacement. Avec le service citoyen, il devient un service \u00e0 part enti\u00e8re et gagne une meilleure reconnaissance. Il faut enfin sortir du d\u00e9bat st\u00e9rile qui dresse l\u2019arm\u00e9e et le service civil l\u2019un contre l\u2019autre. Au lieu de camper sur des positions obsol\u00e8tes, nous devrions plut\u00f4t relever les d\u00e9fis contemporains. Nous visons \u00e0 am\u00e9liorer de mani\u00e8re pragmatique, r\u00e9aliste et consensuelle le syst\u00e8me de l\u2019obligation de servir dans le but de valoriser toutes les formes d\u2019engagement.<\/p>\n\n<blockquote class=\"wp-block-quote is-layout-flow wp-block-quote-is-layout-flow\"><p>No\u00e9mie Roten est journaliste sp\u00e9cialis\u00e9e en \u00e9conomie de la sant\u00e9. Elle est soldate dans l\u2019arm\u00e9e et co-pr\u00e9sidente de ServiceCitoyen.ch qui s\u2019engage en faveur du syst\u00e8me de milice en Suisse.\u00a0<\/p><cite><p>Cette interview a \u00e9t\u00e9 publi\u00e9e dans le <a href=\"https:\/\/www.servicecivil.ch\/fileadmin\/user_upload\/LMC_1904_FRZ_WWW.pdf\">num\u00e9ro sp\u00e9cial de d\u00e9cembre 2019<\/a> de la revue\u00a0\u00abLe Monde Civil\u00bb de la f\u00e9d\u00e9ration suisse du service civil, CIVIVA<\/p><\/cite><\/blockquote>\n\n<figure class=\"wp-block-image size-large\"><img loading=\"lazy\" decoding=\"async\" width=\"1803\" height=\"1200\" src=\"https:\/\/milizengagement.ch\/wp-content\/uploads\/2019\/12\/5961_077.jpg\" alt=\"\" class=\"wp-image-40254\" srcset=\"https:\/\/milizengagement.ch\/wp-content\/uploads\/2019\/12\/5961_077.jpg 1803w, https:\/\/milizengagement.ch\/wp-content\/uploads\/2019\/12\/5961_077-1280x852.jpg 1280w, https:\/\/milizengagement.ch\/wp-content\/uploads\/2019\/12\/5961_077-980x652.jpg 980w, https:\/\/milizengagement.ch\/wp-content\/uploads\/2019\/12\/5961_077-480x319.jpg 480w\" sizes=\"auto, (min-width: 0px) and (max-width: 480px) 480px, (min-width: 481px) and (max-width: 980px) 980px, (min-width: 981px) and (max-width: 1280px) 1280px, (min-width: 1281px) 1803px, 100vw\" \/><figcaption><p>Photo: VBS\/DDPS, <a href=\"https:\/\/creativecommons.org\/licenses\/by-nc-nd\/3.0\/ch\/legalcode.fr\">CC BY-NC-ND 3.0 CH<\/a><\/p><\/figcaption><\/figure>","protected":false},"excerpt":{"rendered":"<p>Interview de No\u00e9mie Roten par Gregor Szyndler, r\u00e9dacteur en chef \u00abLe Monde Civil\u00bb D\u00e9cembre 2019 L\u2019association ServiceCitoyen.ch veut r\u00e9inventer le syst\u00e8me de l\u2019obligation de servir. Sa co-pr\u00e9sidente, No\u00e9mie Roten, discute avec Gregor Szyndler de l\u2019engagement des citoyennes et citoyens, ainsi que de l\u2019esprit de milice et des avantages d\u2019am\u00e9liorer le syst\u00e8me de conscription. Si vous [&hellip;]<\/p>\n","protected":false},"author":2,"featured_media":40254,"comment_status":"closed","ping_status":"closed","sticky":false,"template":"","format":"standard","meta":{"_acf_changed":false,"_et_pb_use_builder":"off","_et_pb_old_content":"","_et_gb_content_width":"","content-type":"","om_disable_all_campaigns":false,"_monsterinsights_skip_tracking":false,"_monsterinsights_sitenote_active":false,"_monsterinsights_sitenote_note":"","_monsterinsights_sitenote_category":0,"_uf_show_specific_survey":0,"_uf_disable_surveys":false,"footnotes":""},"categories":[36],"tags":[],"class_list":["post-40013","post","type-post","status-publish","format-standard","has-post-thumbnail","hentry","category-news-de"],"acf":{"donation_amount":null,"signatures_amount":null,"kampagne_sticker":null,"kampagne_bogen":null,"kampagne_begeisterung":null,"events_table":null},"aioseo_notices":[],"_donation_amount":"","_signatures_amount":"","donation_amount":"","signatures_amount":"","_links":{"self":[{"href":"https:\/\/milizengagement.ch\/de\/wp-json\/wp\/v2\/posts\/40013","targetHints":{"allow":["GET"]}}],"collection":[{"href":"https:\/\/milizengagement.ch\/de\/wp-json\/wp\/v2\/posts"}],"about":[{"href":"https:\/\/milizengagement.ch\/de\/wp-json\/wp\/v2\/types\/post"}],"author":[{"embeddable":true,"href":"https:\/\/milizengagement.ch\/de\/wp-json\/wp\/v2\/users\/2"}],"replies":[{"embeddable":true,"href":"https:\/\/milizengagement.ch\/de\/wp-json\/wp\/v2\/comments?post=40013"}],"version-history":[{"count":7,"href":"https:\/\/milizengagement.ch\/de\/wp-json\/wp\/v2\/posts\/40013\/revisions"}],"predecessor-version":[{"id":50083,"href":"https:\/\/milizengagement.ch\/de\/wp-json\/wp\/v2\/posts\/40013\/revisions\/50083"}],"wp:featuredmedia":[{"embeddable":true,"href":"https:\/\/milizengagement.ch\/de\/wp-json\/wp\/v2\/media\/40254"}],"wp:attachment":[{"href":"https:\/\/milizengagement.ch\/de\/wp-json\/wp\/v2\/media?parent=40013"}],"wp:term":[{"taxonomy":"category","embeddable":true,"href":"https:\/\/milizengagement.ch\/de\/wp-json\/wp\/v2\/categories?post=40013"},{"taxonomy":"post_tag","embeddable":true,"href":"https:\/\/milizengagement.ch\/de\/wp-json\/wp\/v2\/tags?post=40013"}],"curies":[{"name":"wp","href":"https:\/\/api.w.org\/{rel}","templated":true}]}}