{"id":40294,"date":"2011-09-05T12:53:00","date_gmt":"2011-09-05T10:53:00","guid":{"rendered":"https:\/\/www.servicecitoyen.ch\/une-societe-juste-%c2%b7-libre-%c2%b7-solidaire\/"},"modified":"2021-06-06T00:00:51","modified_gmt":"2021-06-05T22:00:51","slug":"une-societe-juste-%c2%b7-libre-%c2%b7-solidaire","status":"publish","type":"post","link":"https:\/\/milizengagement.ch\/de\/une-societe-juste-%c2%b7-libre-%c2%b7-solidaire\/","title":{"rendered":"Eine gerechte \u00b7 freie \u00b7 solidarische Gesellschaft"},"content":{"rendered":"\n<p class=\"has-drop-cap\">Sous les couleurs des Jeunes lib\u00e9raux-radicaux, nous pr\u00e9sentons une liste de six candidats pour les \u00e9lections au Conseil national de 2011. Initiateurs d\u2019un programme ambitieux et progressiste, nous sommes d\u00e9termin\u00e9s \u00e0 nous engager pleinement pour la promotion des valeurs lib\u00e9rales et humanistes n\u00e9cessaires \u00e0 l\u2019\u00e9tablissement d\u2019une soci\u00e9t\u00e9 juste, libre, solidaire.<\/p>\n\n<p>Notre mouvement est issu de deux anciennes formations qui ont toujours \u00e9t\u00e9 \u00e0 l\u2019avant-garde des id\u00e9es politiques. Souvenons-nous du suffrage f\u00e9minin revendiqu\u00e9 d\u00e8s 1959 par la Jeunesse lib\u00e9rale ou \u00e0 la d\u00e9mocratisation des \u00e9tudes port\u00e9e par la Jeunesse radicale et approuv\u00e9e par le peuple en 1966. Soucieux de perp\u00e9tuer cet h\u00e9ritage, nous pla\u00e7ons le progr\u00e8s humain au centre de notre action.<\/p>\n\n<p>Militants pour l\u2019instauration d\u2019un lien social fort et durable, nous estimons que la solidarit\u00e9, vecteur de coh\u00e9sion sociale et nationale, doit renforcer le bien-\u00eatre individuel pour mieux vivre ensemble un destin \u00e0 la hauteur des d\u00e9fis contemporains. Ainsi, l\u2019engagement de chacun \u2013 et des jeunes en particulier \u2013 appara\u00eet comme une n\u00e9cessit\u00e9.<\/p>\n\n<p>Le service citoyen \u2013 l\u2019une de nos propositions phares \u2013 est fond\u00e9 sur un concept de solidarit\u00e9 active. Il \u00e9tend le devoir de servir \u00e0 tous les jeunes, hommes et femmes, suisses et \u00e9trangers. Tout en maintenant inchang\u00e9 le statut de la conscription militaire, il institue une nouvelle forme de participation au service de la collectivit\u00e9 pour les r\u00e9form\u00e9s, les femmes et les \u00e9trangers. Se d\u00e9clinant sous diff\u00e9rentes modalit\u00e9s, il inclut notamment l\u2019aide \u00e0 la personne pour anticiper les divers besoins qui r\u00e9sulteront d\u2019un vieillissement de la population. Le service citoyen entend promouvoir activement les valeurs fondamentales d\u2019une soci\u00e9t\u00e9 d\u00e9mocratique, tels l\u2019engagement, la responsabilit\u00e9 et la solidarit\u00e9. En outre, ce travail donnera l\u2019occasion \u00e0 chaque jeune citoyen de prendre conscience des enjeux sociaux, ne serait-ce qu\u2019au niveau des r\u00e8gles et des devoirs qu\u2019implique n\u00e9cessairement la vie en communaut\u00e9. Les r\u00e9centes \u00e9meutes de Londres, comme celle des banlieues fran\u00e7aises en 2005, d\u00e9montrent la n\u00e9cessit\u00e9 de responsabiliser les jeunes et de les f\u00e9d\u00e9rer autour de la construction collective de la soci\u00e9t\u00e9 pour \u00e9viter des d\u00e9rives pernicieuses. Le service citoyen, en ouvrant de nouvelles perspectives aux jeunes, devrait faire na\u00eetre un r\u00e9el sentiment d\u2019utilit\u00e9, facteur d\u2019int\u00e9gration sociale.<\/p>\n\n<p>L\u2019histoire nous enseigne que la Suisse est une \u0153uvre dont nous serions tous co-auteurs. Conscients de notre redevance vis-\u00e0-vis des g\u00e9n\u00e9rations pass\u00e9es, nous nous sentons responsables face \u00e0 l\u2019avenir et sommes r\u00e9solus \u00e0 tout mettre en \u0153uvre pour donner corps \u00e0 notre id\u00e9al. C\u2019est dans cette optique que s\u2019inscrit notre engagement, et c\u2019est avec votre soutien que nous construirons ensemble la soci\u00e9t\u00e9 de demain; une soci\u00e9t\u00e9 juste, libre, solidaire.<\/p>\n\n<blockquote class=\"wp-block-quote is-layout-flow wp-block-quote-is-layout-flow\"><p><p>Ce texte est paru dans <a href=\"https:\/\/alexandrejoehl.wordpress.com\/2011\/09\/05\/les-jeunes-liberaux-radicaux-au-conseil-national\/\">Carnet de notes<\/a>, le blog tdg d\u2019Alexandre J\u00f6hl, le 5 septembre 2011<\/p><\/p><\/blockquote>\n","protected":false},"excerpt":{"rendered":"<p>Sous les couleurs des Jeunes lib\u00e9raux-radicaux, nous pr\u00e9sentons une liste de six candidats pour les \u00e9lections au Conseil national de 2011. Initiateurs d\u2019un programme ambitieux et progressiste, nous sommes d\u00e9termin\u00e9s \u00e0 nous engager pleinement pour la promotion des valeurs lib\u00e9rales et humanistes n\u00e9cessaires \u00e0 l\u2019\u00e9tablissement d\u2019une soci\u00e9t\u00e9 juste, libre, solidaire. Notre mouvement est issu de [&hellip;]<\/p>\n","protected":false},"author":1,"featured_media":40289,"comment_status":"closed","ping_status":"closed","sticky":false,"template":"","format":"standard","meta":{"_acf_changed":false,"_et_pb_use_builder":"off","_et_pb_old_content":"","_et_gb_content_width":"","content-type":"","om_disable_all_campaigns":false,"_monsterinsights_skip_tracking":false,"_monsterinsights_sitenote_active":false,"_monsterinsights_sitenote_note":"","_monsterinsights_sitenote_category":0,"_uf_show_specific_survey":0,"_uf_disable_surveys":false,"footnotes":""},"categories":[36],"tags":[],"class_list":["post-40294","post","type-post","status-publish","format-standard","has-post-thumbnail","hentry","category-news-de"],"acf":{"donation_amount":null,"signatures_amount":null,"kampagne_sticker":null,"kampagne_bogen":null,"kampagne_begeisterung":null,"events_table":null},"aioseo_notices":[],"_donation_amount":"","_signatures_amount":"","donation_amount":"","signatures_amount":"","_links":{"self":[{"href":"https:\/\/milizengagement.ch\/de\/wp-json\/wp\/v2\/posts\/40294","targetHints":{"allow":["GET"]}}],"collection":[{"href":"https:\/\/milizengagement.ch\/de\/wp-json\/wp\/v2\/posts"}],"about":[{"href":"https:\/\/milizengagement.ch\/de\/wp-json\/wp\/v2\/types\/post"}],"author":[{"embeddable":true,"href":"https:\/\/milizengagement.ch\/de\/wp-json\/wp\/v2\/users\/1"}],"replies":[{"embeddable":true,"href":"https:\/\/milizengagement.ch\/de\/wp-json\/wp\/v2\/comments?post=40294"}],"version-history":[{"count":4,"href":"https:\/\/milizengagement.ch\/de\/wp-json\/wp\/v2\/posts\/40294\/revisions"}],"predecessor-version":[{"id":47800,"href":"https:\/\/milizengagement.ch\/de\/wp-json\/wp\/v2\/posts\/40294\/revisions\/47800"}],"wp:featuredmedia":[{"embeddable":true,"href":"https:\/\/milizengagement.ch\/de\/wp-json\/wp\/v2\/media\/40289"}],"wp:attachment":[{"href":"https:\/\/milizengagement.ch\/de\/wp-json\/wp\/v2\/media?parent=40294"}],"wp:term":[{"taxonomy":"category","embeddable":true,"href":"https:\/\/milizengagement.ch\/de\/wp-json\/wp\/v2\/categories?post=40294"},{"taxonomy":"post_tag","embeddable":true,"href":"https:\/\/milizengagement.ch\/de\/wp-json\/wp\/v2\/tags?post=40294"}],"curies":[{"name":"wp","href":"https:\/\/api.w.org\/{rel}","templated":true}]}}